{"id":5959,"date":"2012-05-19T08:01:45","date_gmt":"2012-05-19T07:01:45","guid":{"rendered":"http:\/\/www.willizblog.de\/?p=5959"},"modified":"2014-05-22T08:36:21","modified_gmt":"2014-05-22T07:36:21","slug":"kafka-lachelt-mir-traurig-zu-%e2%80%93-aber-er-lachelt","status":"publish","type":"post","link":"https:\/\/willizblog.de\/?p=5959","title":{"rendered":"Kafka l\u00e4chelt mir traurig zu \u2013 aber er l\u00e4chelt"},"content":{"rendered":"<p>Seit knapp einem Jahr ist meine Frau Mitglied des <em>Deutschen Roten Kreuzes \u2013 Ortsverein Tostedt e.V.<\/em> Dieser Ortsverein veranstaltet \u00f6fter kleine Fahrten. So heute eine Fahrt nach <a href=\"https:\/\/de.wikipedia.org\/wiki\/Graal-M%C3%BCritz\" target=\"_blank\">Graal-M\u00fcritz<\/a> an der Ostsee. Da fiel mir nat\u00fcrlich gleich <a href=\"https:\/\/www.willizblog.de\/index.php?s=kafka\" target=\"_blank\">Franz Kafka<\/a> ein. Der war n\u00e4mlich dort einmal zur Erholung. Nun, meine Frau nimmt mit ihrer Mutter an dieser Fahrt teil (ich bleibe zu Hause, warum eigentlich \u2013 meine S\u00f6hne k\u00f6nnen sich auch selbst versorgen?!). Und ich bat sie darum, auf eventuell noch vorhandene Spuren von Kafka zu achten, diese vielleicht fotografisch festzuhalten.<\/p>\n<p><img src=\"https:\/\/www.willizblog.de\/blogpicts\/kafka_dora_diamant.jpg\" alt=\"Franz Kafka (etwa 1923\/24) - Dora Diamant (1928)\" title=\"Franz Kafka (etwa 1923\/24) - Dora Diamant (1928)\" \/><\/p>\n<ul>Franz Kafka (etwa 1923\/24) &#8211; Dora Diamant (1928)<\/ul>\n<p>Mit Spuren ist es wohl nicht viel. Kafka war vom Juni bis September 1923 (ein Jahr vor seinem Tod) mit seiner Schwester Elli in M\u00fcritz und lernte dort seine letzte Lebensgef\u00e4hrtin Dora Diamant kennen (siehe meinen Beitrag: <a href=\"https:\/\/www.willizblog.de\/?p=5610\" target=\"_blank\">Rotraut Hackerm\u00fcller: Das Leben, das mich st\u00f6rt<\/a>). Franz Kafka und Dora Diamant sind dann weiter nach Berlin. Was f\u00fcr Spuren gibt es jetzt eigentlich in M\u00fcritz noch: <em>\u201eEs gibt einen Kafkaweg, eine kleine Kafka-Vitrine im Heimatmuseum und eine Erinnerungstafel an Franz Kafka und Dora Diamant<\/em> [eine nichtssagende Erinnerungstafel in der Strandstra\u00dfe]. <em>Doch die wichtigsten Erinnerungsst\u00e4tten, das Haus, in dem Dora Diamant j\u00fcdische Kinder bekochte und betreute und das Haus in dem Franz Kafka eine Ferienwohnung gemietet hatte, gibt es nicht mehr. Ersteres wurde 2007, letzteres 2002 abgerissen. Dort stehen jetzt neue Geb\u00e4ude.<\/em><\/p>\n<p>[&#8230;] <em>Was Nazis und Kommunisten (denen niemand Sympathien f\u00fcr Kafka nachsagen kann) nicht geschafft haben \u2013 die Marktwirtschaft hat es erm\u00f6glicht.\u201c<\/em><\/p>\n<p>So schreibt <a href=\"http:\/\/mein-mecklenburg.lexikus.de\/mm\/component\/contact\/3-redakteure\/3-roland-linowski\" target=\"_blank\">Roland Linowski<\/a> (<a href=\"http:\/\/mein-mecklenburg.lexikus.de\/mm\/kultur\/1--franz-kafka-kennenlernen\" target=\"_blank\"><strong>Franz Kafka kennenlernen<\/strong><\/a>) und schreibt noch einiges mehr. Ich habe das f\u00fcr meine Frau ausgedruckt, damit sie es vor der Reise liest.<\/p>\n<p>Apropos Kafka und meine Frau: Meine Frau war erst vor zwei Wochen ein verl\u00e4ngertes Wochenende zu einem Frauenseminar im <a href=\"http:\/\/www.kloster-druebeck.de\/\" target=\"_blank\">Kloster Dr\u00fcbeck<\/a> im Harz. Das liegt nur wenige Kilometer entfernt von Stapelburg. Und wieder einige Kilometer weiter zwischen Stapelburg und Bad Harzburg gab es fr\u00fcher einmal die Kuranstalt Just\u2019s Jungborn, die Kafka ab Juli 1912 f\u00fcr drei Wochen aufsuchte (siehe meinen Beitrag <a href=\"https:\/\/www.willizblog.de\/?p=5706\" target=\"_blank\">Kafka \u201ekehrt zur Natur zur\u00fcck!&#8220;<\/a>).<\/p>\n<p>Vielleicht sollte ich \u00f6fter <u>mit<\/u> meiner Frau am Wochenende verreisen.<\/p>\n","protected":false},"excerpt":{"rendered":"<p>Seit knapp einem Jahr ist meine Frau Mitglied des Deutschen Roten Kreuzes \u2013 Ortsverein Tostedt e.V. Dieser Ortsverein veranstaltet \u00f6fter kleine Fahrten. So heute eine Fahrt nach Graal-M\u00fcritz an der Ostsee. Da fiel mir nat\u00fcrlich gleich Franz Kafka ein. Der war n\u00e4mlich dort einmal zur Erholung. Nun, meine Frau nimmt mit ihrer Mutter an dieser &hellip; <a href=\"https:\/\/willizblog.de\/?p=5959\" class=\"more-link\"><span class=\"screen-reader-text\">Kafka l\u00e4chelt mir traurig zu \u2013 aber er l\u00e4chelt<\/span> weiterlesen <span class=\"meta-nav\">&rarr;<\/span><\/a><\/p>\n","protected":false},"author":1,"featured_media":0,"comment_status":"open","ping_status":"open","sticky":false,"template":"","format":"standard","meta":[],"categories":[3,10],"tags":[],"_links":{"self":[{"href":"https:\/\/willizblog.de\/index.php?rest_route=\/wp\/v2\/posts\/5959"}],"collection":[{"href":"https:\/\/willizblog.de\/index.php?rest_route=\/wp\/v2\/posts"}],"about":[{"href":"https:\/\/willizblog.de\/index.php?rest_route=\/wp\/v2\/types\/post"}],"author":[{"embeddable":true,"href":"https:\/\/willizblog.de\/index.php?rest_route=\/wp\/v2\/users\/1"}],"replies":[{"embeddable":true,"href":"https:\/\/willizblog.de\/index.php?rest_route=%2Fwp%2Fv2%2Fcomments&post=5959"}],"version-history":[{"count":0,"href":"https:\/\/willizblog.de\/index.php?rest_route=\/wp\/v2\/posts\/5959\/revisions"}],"wp:attachment":[{"href":"https:\/\/willizblog.de\/index.php?rest_route=%2Fwp%2Fv2%2Fmedia&parent=5959"}],"wp:term":[{"taxonomy":"category","embeddable":true,"href":"https:\/\/willizblog.de\/index.php?rest_route=%2Fwp%2Fv2%2Fcategories&post=5959"},{"taxonomy":"post_tag","embeddable":true,"href":"https:\/\/willizblog.de\/index.php?rest_route=%2Fwp%2Fv2%2Ftags&post=5959"}],"curies":[{"name":"wp","href":"https:\/\/api.w.org\/{rel}","templated":true}]}}