{"id":5971,"date":"2012-05-21T07:34:52","date_gmt":"2012-05-21T06:34:52","guid":{"rendered":"http:\/\/www.willizblog.de\/?p=5971"},"modified":"2012-05-21T07:34:52","modified_gmt":"2012-05-21T06:34:52","slug":"horror-%e2%80%9adahoam%e2%80%99","status":"publish","type":"post","link":"https:\/\/willizblog.de\/?p=5971","title":{"rendered":"Horror \u201adahoam\u2019"},"content":{"rendered":"<p>In weniger als drei Wochen beginnt in Polen und der Ukraine die <a href=\"https:\/\/de.wikipedia.org\/wiki\/Fu%C3%9Fball-Europameisterschaft_2012\" target=\"_blank\">Fu\u00dfball-Europameisterschaft 2012<\/a>. Da fragt man sich, wie es um \u201aunsere Jungs\u2019 steht. Allen voran die Spieler des FC Bayern M\u00fcnchen.<\/p>\n<p>Die eigentliche Saison endete ja am Samstag mit dem Endspiel in der <a href=\"https:\/\/de.wikipedia.org\/wiki\/UEFA_Champions_League_2011\/12\" target=\"_blank\">UEFA-Champions League<\/a> im M\u00fcnchen, dem Finale \u201adahoam\u2019 (daheim) der Bayern gegen den FC Chelsea und der unn\u00f6tigen Niederlage im Elfmeterschie\u00dfen. So wurde f\u00fcr den FC Bayern das Finale \u201adahaom\u2019 zum Horror \u201adahoam\u2019. Im Grunde hat keiner der beiden Mannschaften die \u201aKrone\u2019 des europ\u00e4ischen Vereinsfu\u00dfball verdient. Die Bayern h\u00e4tten eigentlich gewarnt sein m\u00fcssen. Was der FC Chelsea da abzog, war Fu\u00dfball zum Abgew\u00f6hnen. Und den Bayern fehlten die erfolgversprechenden Ideen.<\/p>\n<p>Denn es war ein bescheidenes Spiel, auch wenn die Bayern eindeutig \u00fcber lange Strecken dr\u00fcckend \u00fcberlegen waren. Es kam eben nicht viel Z\u00e4hlbares dabei heraus, okay 17:1 Ecken, aber bis zur 83. Minute kein Tor, obwohl die Bayern \u00fcber 40 Torsch\u00fcsse erzielten, die aber zur H\u00e4lfte durch Chelsea-Spieler geblockt oder oft genug \u201ain die Wolken\u2019 abgefeuert wurden. Charakteristisch dabei die Spielweise von Arjen Robben, der zwar viel mit Rib\u00e9ry rochierte, aber insgesamt zu sehr verkrampft war und immer wieder ersuchte, mit einem Pass in den Strafraum oder einem Schuss aus unm\u00f6glichen Positionen heraus den Siegtreffer zu erzwingen. Ich finde Robben sowieso \u00fcberbewertet. Inzwischen m\u00fcsste jeder Verteidiger in Europa seinen \u201aTrick\u2019 kennen. Er st\u00fcrmt auf der rechten Au\u00dfenbahn, versucht den Gegenspieler zu t\u00e4uschen, indem er so tut, als wolle er weiter auf Rechtsau\u00dfen bleiben, sucht dann seinen Weg in die Mitte parallel zur Torauslinie mit einem allerdings enormen Antritt, um dann von hieraus aufs Tor zu zielen, wenn er eine L\u00fccke ersp\u00e4ht.<\/p>\n<p>Aber es geht ja um die Spieler, die Bayern M\u00fcnchen der deutschen Nationalmannschaft zur Verf\u00fcgung stellt. Von denen konnte lediglich Philipp Lahm \u00fcberzeugen. Mario Gomez spielte in der Spitze gl\u00fccklos und \u201aversemmelte\u2019 eine Gro\u00dfchance, Toni Kroos spielte eher verkrampft und Bastian Schweinsteiger ist noch nicht ausreichend fit. Wie er seinen Elfer beim entschiedenen Elfmeterschie\u00dfen gegen den Pfosten setzte, war schon erschreckend (es sah aus, als wolle er sich beim Spitzentanz bewerben), Joachim L\u00f6w ist gewarnt und sollte ihn erst einmal nicht als Elfmetersch\u00fctze einplanen. Bei Thomas M\u00fcller wechselten Licht und Schatten ab. Auch er \u201aversemmelte\u2019 mindestens zwei gro\u00dfe Chancen, erzielte aber durch einen etwas merkw\u00fcrdigen Kopfballaufsetzer das einzigste Feldtor der Bayern. Boateng konnte nicht viel falsch machen.<\/p>\n<p>Es sind also wieder nicht wenige Bayern, die f\u00fcr das deutsche Team bei der EM (<a href=\"http:\/\/de.uefa.com\/uefaeuro\/index.html\" target=\"_blank\">Website der UEFA zur EM<\/a>) auflaufen werden. Aber die brauchen jetzt erst einmal eine psychologische Betreuung \u2013 nach diesem Drama von M\u00fcnchen. Man kann nur hoffen, dass diese \u201amit ihrer Leere im Kopf\u2019 nicht die anderen Spieler anstecken.<\/p>\n<p>Sicherlich will und kann das deutsche Team Europameister 2012 werden. Aber dazu bedarf es eindeutig mehr, als die Bayern am Samstag gezeigt haben. Hoffen wir auf einen gut aufgelegten Mesut \u00d6zil, der selbst mit wenigen gelungenen P\u00e4ssen ein ganzes Spiel entscheiden kann. Aber es wird alles andere als einfach werden.<\/p>\n","protected":false},"excerpt":{"rendered":"<p>In weniger als drei Wochen beginnt in Polen und der Ukraine die Fu\u00dfball-Europameisterschaft 2012. Da fragt man sich, wie es um \u201aunsere Jungs\u2019 steht. Allen voran die Spieler des FC Bayern M\u00fcnchen. Die eigentliche Saison endete ja am Samstag mit dem Endspiel in der UEFA-Champions League im M\u00fcnchen, dem Finale \u201adahoam\u2019 (daheim) der Bayern gegen &hellip; <a href=\"https:\/\/willizblog.de\/?p=5971\" class=\"more-link\"><span class=\"screen-reader-text\">Horror \u201adahoam\u2019<\/span> weiterlesen <span class=\"meta-nav\">&rarr;<\/span><\/a><\/p>\n","protected":false},"author":1,"featured_media":0,"comment_status":"open","ping_status":"open","sticky":false,"template":"","format":"standard","meta":[],"categories":[39],"tags":[],"_links":{"self":[{"href":"https:\/\/willizblog.de\/index.php?rest_route=\/wp\/v2\/posts\/5971"}],"collection":[{"href":"https:\/\/willizblog.de\/index.php?rest_route=\/wp\/v2\/posts"}],"about":[{"href":"https:\/\/willizblog.de\/index.php?rest_route=\/wp\/v2\/types\/post"}],"author":[{"embeddable":true,"href":"https:\/\/willizblog.de\/index.php?rest_route=\/wp\/v2\/users\/1"}],"replies":[{"embeddable":true,"href":"https:\/\/willizblog.de\/index.php?rest_route=%2Fwp%2Fv2%2Fcomments&post=5971"}],"version-history":[{"count":0,"href":"https:\/\/willizblog.de\/index.php?rest_route=\/wp\/v2\/posts\/5971\/revisions"}],"wp:attachment":[{"href":"https:\/\/willizblog.de\/index.php?rest_route=%2Fwp%2Fv2%2Fmedia&parent=5971"}],"wp:term":[{"taxonomy":"category","embeddable":true,"href":"https:\/\/willizblog.de\/index.php?rest_route=%2Fwp%2Fv2%2Fcategories&post=5971"},{"taxonomy":"post_tag","embeddable":true,"href":"https:\/\/willizblog.de\/index.php?rest_route=%2Fwp%2Fv2%2Ftags&post=5971"}],"curies":[{"name":"wp","href":"https:\/\/api.w.org\/{rel}","templated":true}]}}