{"id":5974,"date":"2012-05-22T07:23:10","date_gmt":"2012-05-22T06:23:10","guid":{"rendered":"http:\/\/www.willizblog.de\/?p=5974"},"modified":"2016-04-13T12:33:47","modified_gmt":"2016-04-13T12:33:47","slug":"grainau-2012-14-iglu-dorf-zugspitze","status":"publish","type":"post","link":"https:\/\/willizblog.de\/?p=5974","title":{"rendered":"Grainau 2012 (14):  Iglu-Dorf Zugspitze"},"content":{"rendered":"<p>Auf unserem <a href=\"https:\/\/www.willizblog.de\/?p=5895\" target=\"_blank\">Weg zur Zugspitze<\/a> w\u00e4hrend unseres <a href=\"https:\/\/www.willizblog.de\/?p=5734\" target=\"_blank\">Grainau-Urlaubs<\/a> die Woche vor Ostern machten wir einen <a href=\"https:\/\/www.willizblog.de\/?p=5892\" target=\"_blank\">Halt auf dem Zugspitzplatt<\/a>. Anfang April war hier noch reger Skibetrieb. Wenn man mit der <a href=\"https:\/\/de.wikipedia.org\/wiki\/Bayerische_Zugspitzbahn\" target=\"_blank\">Zugspitzbahn<\/a> hier oben ankommt, sich dann vom <a href=\"http:\/\/www.skibiwa.de\/index.php\/huettenugasthaeuser\/huettens-z\/sonnalpin\" target=\"_blank\">Gletscherrestaurant SonnAlpin<\/a> westlich h\u00e4lt und die kleine Kapelle links liegen l\u00e4sst, dann steht man pl\u00f6tzlich vor dem Eingang zum <a href=\"http:\/\/www.zugspitze.de\/de\/winter\/berg\/zugspitze\/igludorf.htm\" target=\"_blank\">Iglu-Dorf Zugspitze<\/a>.<\/p>\n<p><img src=\"https:\/\/www.willizblog.de\/images\/grainau_2012_ruhepunkte_05.jpg\" alt=\"Vor dem Iglu-Dorf Zugspitze\" title=\"Vor dem Iglu-Dorf Zugspitze\" \/><\/p>\n<p>Hotelzimmer aus Schnee und Eis sind ja in den letzten Jahren stark im Kommen und man findet sie \u00fcberall dort, wo Schnee, Eis und Frost l\u00e4ngere Zeit die Landschaft pr\u00e4gen. So bot sich nat\u00fcrlich auch der obere Teil des Zugspitzplatts an, hier ein <a href=\"http:\/\/www.iglu-dorf.com\/de\/standorte\/zugspitze\" target=\"_blank\">Iglu-Dorf<\/a> zu errichten. In der Regel \u00fcbernachtet man hier nur eine Nacht und kann bei einer Nachtwanderung den funkelnden Sternenhimmel erkunden. Als Abendessen wartet auf die G\u00e4ste ein original Schweizer Gourmet-K\u00e4se-Fondue. Das bereits erw\u00e4hnte Gletscherrestaurant SonnAlpin begr\u00fc\u00dft am n\u00e4chsten Morgen zum morgendlichen Gipfel-Fr\u00fchst\u00fcck. Hierbei kann man einen faszinierenden Sonnenaufgang \u00fcber den h\u00f6chsten Spitzen Deutschlands genie\u00dfen und als erster die Pistenabfahrt nutzen.<\/p>\n<p>Wir selbst waren zwar nicht \u00fcber Nacht hier, haben uns aber die Anlage anschauen k\u00f6nnen und fotografisch und filmisch festgehalten:<\/p>\n<p><iframe loading=\"lazy\" width=\"420\" height=\"315\" src=\"https:\/\/www.youtube.com\/embed\/eIFnUYoAkGY\" frameborder=\"0\" allowfullscreen><\/iframe><br \/>\nIglu-Dorf Zugspitze 03.04.2012<\/p>\n","protected":false},"excerpt":{"rendered":"<p>Auf unserem Weg zur Zugspitze w\u00e4hrend unseres Grainau-Urlaubs die Woche vor Ostern machten wir einen Halt auf dem Zugspitzplatt. Anfang April war hier noch reger Skibetrieb. Wenn man mit der Zugspitzbahn hier oben ankommt, sich dann vom Gletscherrestaurant SonnAlpin westlich h\u00e4lt und die kleine Kapelle links liegen l\u00e4sst, dann steht man pl\u00f6tzlich vor dem Eingang &hellip; <a href=\"https:\/\/willizblog.de\/?p=5974\" class=\"more-link\"><span class=\"screen-reader-text\">Grainau 2012 (14):  Iglu-Dorf Zugspitze<\/span> weiterlesen <span class=\"meta-nav\">&rarr;<\/span><\/a><\/p>\n","protected":false},"author":1,"featured_media":0,"comment_status":"open","ping_status":"open","sticky":false,"template":"","format":"standard","meta":[],"categories":[10],"tags":[],"_links":{"self":[{"href":"https:\/\/willizblog.de\/index.php?rest_route=\/wp\/v2\/posts\/5974"}],"collection":[{"href":"https:\/\/willizblog.de\/index.php?rest_route=\/wp\/v2\/posts"}],"about":[{"href":"https:\/\/willizblog.de\/index.php?rest_route=\/wp\/v2\/types\/post"}],"author":[{"embeddable":true,"href":"https:\/\/willizblog.de\/index.php?rest_route=\/wp\/v2\/users\/1"}],"replies":[{"embeddable":true,"href":"https:\/\/willizblog.de\/index.php?rest_route=%2Fwp%2Fv2%2Fcomments&post=5974"}],"version-history":[{"count":0,"href":"https:\/\/willizblog.de\/index.php?rest_route=\/wp\/v2\/posts\/5974\/revisions"}],"wp:attachment":[{"href":"https:\/\/willizblog.de\/index.php?rest_route=%2Fwp%2Fv2%2Fmedia&parent=5974"}],"wp:term":[{"taxonomy":"category","embeddable":true,"href":"https:\/\/willizblog.de\/index.php?rest_route=%2Fwp%2Fv2%2Fcategories&post=5974"},{"taxonomy":"post_tag","embeddable":true,"href":"https:\/\/willizblog.de\/index.php?rest_route=%2Fwp%2Fv2%2Ftags&post=5974"}],"curies":[{"name":"wp","href":"https:\/\/api.w.org\/{rel}","templated":true}]}}