{"id":5977,"date":"2012-05-23T08:01:07","date_gmt":"2012-05-23T07:01:07","guid":{"rendered":"http:\/\/www.willizblog.de\/?p=5977"},"modified":"2012-05-21T14:10:54","modified_gmt":"2012-05-21T13:10:54","slug":"martin-schuller-tod-in-garmisch-oberbayern-krimi","status":"publish","type":"post","link":"https:\/\/willizblog.de\/?p=5977","title":{"rendered":"Martin Sch\u00fcller: Tod in Garmisch (Oberbayern Krimi)"},"content":{"rendered":"<p>Urlaubszeit ist oft auch Lesezeit. Aber w\u00e4hrend unseres kurzen <a href=\"https:\/\/www.willizblog.de\/?p=5734\" target=\"_blank\">Urlaubs in Grainau<\/a> in den Tagen vor Ostern bin ich gar nicht zum Lesen gekommen, obwohl ich Lekt\u00fcre mit auf die Reise genommen hatte. Daf\u00fcr habe ich aber am vorletzten Tag, als wir beim Warten auf den <a href=\"http:\/\/www.zugspitzcard.com\/eibseebusplan.pdf\" target=\"_blank\">Eibseebus<\/a>, der uns von <a href=\"de.wikipedia.org\/wiki\/Garmisch-Partenkirchen\" target=\"_blank\">Garmisch-Partenkirchen<\/a> nach <a href=\"http:\/\/www.grainau.de\/de\" target=\"_blank\">Grainau<\/a> zur\u00fcckbringen sollte, kurzen Halt in einem Buchladen gemacht. Und da fiel mir ein Kriminalroman in die Hand: <a href=\"https:\/\/www.amazon.de\/gp\/product\/3897056569\/ref=as_li_tf_tl?ie=UTF8&#038;tag=familiealbin-21&#038;linkCode=as2&#038;camp=1638&#038;creative=6742&#038;creativeASIN=3897056569\" target=\"_blank\"><strong>Tod in Garmisch<\/strong><\/a><img loading=\"lazy\" src=\"https:\/\/www.assoc-amazon.de\/e\/ir?t=familiealbin-21&#038;l=as2&#038;o=3&#038;a=3897056569\" width=\"1\" height=\"1\" border=\"0\" alt=\"\" style=\"border:none !important; margin:0px !important;\" \/> von Martin Sch\u00fcller. So kommt man unverhofft zu einem etwas anderem Souvenir.<\/p>\n<p>Der Klappentext versprach Spannung mit Lokalkolorit:<br \/>\n<em>\u201eSchneeschmelze. Scheinwerfer in der n\u00e4chtlichen Klamm. Die Bergwacht versucht, einen zerschmetterten menschlichen K\u00f6rper zu bergen, den die tobende Partnach in einem Strudel gefangen h\u00e4lt.<br \/>\nWer ist der Mann? Wurde er Opfer einer uralten Familienfehde?<br \/>\nKommissar Schwemmer kann sich nicht sicher sein, denn es gibt zu viele offene Fragen: Wer hat Geld unterschlagen? Wer manipuliert Autos? Wer vergiftet Hunde? Und vor allem: Wer l\u00fcgt?<br \/>\nSchwemmer und seine Kollegen ermitteln quer durch das <a href=\"https:\/\/de.wikipedia.org\/wiki\/Werdenfelser_Land\" target=\"_blank\">Werdenfelser Land<\/a>. Sie treffen auf Knechte und Bauern, Bankiers und Betr\u00fcger, alte Feinde und jung Verliebte und einen versnobten Privatdetektiv, der ihnen gerade noch gefehlt hat.\u201c<\/em><\/p>\n<ul><img src=\"https:\/\/www.willizblog.de\/images\/schueller_tod_in_garmisch.jpg\" alt=\"Martin Sch\u00fcller: Tod in Garmisch\" title=\"Martin Sch\u00fcller: Tod in Garmisch\" \/><\/ul>\n<p>Nicht nur gekauft \u2013 sondern inzwischen zu Hause auch gelesen. Ich bin zwar kein ausgesprochener Vielleser von Kriminalromanen, so habe ich in den letzten Jahren eher \u201aalte\u2019 Krimis gelesen, wie die wohl \u00e4ltesten Detektivgeschichten der Weltliteratur von <a href=\"https:\/\/www.willizblog.de\/?p=3110\" target=\"_blank\">Edgar Allan Poe oder die Sherlock Holmes-Romane von Sir Arthur Conan Doyle<\/a>. Zuletzt las ich von <a href=\"https:\/\/www.willizblog.de\/?p=1442\" target=\"_blank\">L\u00e9o Malet die Nestor Burma-Krimis<\/a> (Paris des Verbrechens) und habe fr\u00fcher auch den einen und anderen Krimi von <a href=\"https:\/\/de.wikipedia.org\/wiki\/Patricia_Highsmith\" target=\"_blank\">Patricia Highsmith<\/a>, von <a href=\"https:\/\/de.wikipedia.org\/wiki\/Raymond_Chandler\" target=\"_blank\">Raymond Chandler<\/a> oder <a href=\"https:\/\/de.wikipedia.org\/wiki\/Dashiell_Hammett\" target=\"_blank\">Dashiell Hammett<\/a> kennen gelernt. Daf\u00fcr stehe ich aber durchaus auf gute Kriminalfilme und bin ein Fan des Tatorts (<a href=\"https:\/\/www.willizblog.de\/?p=2019\" target=\"_blank\">Horst Schimanski, Duisburg<\/a> oder <a href=\"https:\/\/www.willizblog.de\/?p=4548\" target=\"_blank\">Tatort: Thiel und Boerne<\/a>).<\/p>\n<p><a href=\"https:\/\/de.wikipedia.org\/wiki\/Martin_Sch%C3%BCller\" target=\"_blank\">Martin Sch\u00fcller<\/a>, Jahrgang 1960, (<a href=\"http:\/\/www.schuellerschreibt.de\/\" target=\"_blank\">eigene Website<\/a>) kam \u00fcber die Musik zum Schreiben. Im <a href=\"http:\/\/www.emons-verlag.de\/\" target=\"_blank\">Emons Verlag<\/a> erschienen von ihm bisher acht Kriminalromane, u.a. \u201eTod in Garmisch\u201c, mit dem der geb\u00fcrtige Rheinl\u00e4nder erstmals eine Geschichte in Oberbayern ansiedelte. Neben seinen Romanen verfasste Sch\u00fcller auch sechs B\u00fccher der <a target=\"_blank\" href=\"https:\/\/www.amazon.de\/gp\/search?ie=UTF8&#038;keywords=martin%20sch%C3%BCller%20tatort&#038;tag=familiealbin-21&#038;index=books&#038;linkCode=ur2&#038;camp=1638&#038;creative=6742\">emons-TATORT-Reihe<\/a><img loading=\"lazy\" src=\"https:\/\/www.assoc-amazon.de\/e\/ir?t=familiealbin-21&#038;l=ur2&#038;o=3\" width=\"1\" height=\"1\" border=\"0\" alt=\"\" style=\"border:none !important; margin:0px !important;\" \/>, Novellisierungen von eben den bereits genannten Tatort-Fernseh-Krimis.<\/p>\n<p>Nun die <a href=\"https:\/\/www.willizblog.de\/?p=948\" target=\"_blank\">Partnachklamm<\/a> kennen meine Familie und ich von eigener Anschauung her. Und nat\u00fcrlich Garmisch-Partenkirchen und weite Teile der Umgebung. Hier spielt der Krimi mit EKHK (erster Kriminalhauptkommissar) Balthasar Schwemmer (genannt Hausl), seiner Frau Burgl \u2013 und den Kollegen, den immer kranken Oberkommissar Schafmann (mal plagt ihn der Magen, dann eine Migr\u00e4ne oder er verletzt sich die Hand), Frau Silvia Fuchs, der Sekret\u00e4rin im Vorzimmer, und Frau Isenwald, der Staatsanw\u00e4ltin, die den beiden Kriminalbeamten das Leben schwer macht.<\/p>\n<p><em>Hias stieg von der Leiter. Er stellte sich vor Maiche Meixner auf und nahm langsam das Gewehr von der Schulter. \u201e\u2019s is aus, Maiche\u201c, sagte er, \u201e\u2019s is lang vorbei.\u201c<\/em><\/p>\n<p>Im Mittelpunkt steht wie im Klappentext erw\u00e4hnt eine uralte Familienfehde zwischen den Meixners und den Schedlbauers. Dabei treffen Welten aufeinander, die moderne in Form von Magdalena Meixner (genannt Lenerl), der Besitzerin eines Hotels in Garmisch, ihren Angestellten Andi Weidlinger und dem Privatdetektiven Jo Kant aus D\u00fcsseldorf, der bei Martin Sch\u00fcller eine eigene Reihe hat. Die alte Welt wird besonders verk\u00f6rpert durch Magdalenas Mutter Reserl, den Gro\u00dfvater und Bauern Melchior (genannt Maiche) und dessen Knecht Hias. Nat\u00fcrlich bedient sich Sch\u00fcller dabei einiger Klischees, den <a href=\"http:\/\/www.bayrisch-lernen.de\/popups\/granteln.html\" target=\"_blank\">grantelnden<\/a> Alten und seinem wortkargen Knecht. Aber das Ganze macht dann eher Spa\u00df und gibt dem Buch neben der geh\u00f6rigen Spannung auch viel Witz (wie eben auch den <a href=\"https:\/\/de.wikipedia.org\/wiki\/Running_Gag\" target=\"_blank\">Running Gag<\/a> mit dem kranken Oberkommissar). Sch\u00fcller hat einen Blick f\u00fcrs Detail und schreibt mit viel Gesp\u00fcr f\u00fcr den Rhythmus und die Akzente der Geschichte. Nat\u00fcrlich gibt es reichlich viele Verwicklungen, aber als Leser verliert man dabei nicht die \u00dcbersicht, weil alles schl\u00fcssig bleibt.<\/p>\n<p>Wenn es einen kleinen Wermutstropfen gibt, dann ist es die Sprache der Alten: Nat\u00fcrlich sprechen sie <a href=\"https:\/\/de.wikipedia.org\/wiki\/Bairische_Dialekte\" target=\"_blank\">bairisch<\/a>. Nordlichtern d\u00fcrfte das vielleicht Probleme machen. Ich habe aber alles bestens verstanden. Und es w\u00e4re eher umgekehrt, also ein Wermutstropfen, wenn alle hochdeutsch spr\u00e4chen. So lernt man nebenbei etwas von der bayerischen Mundart.<\/p>\n<p><em>\u201eFesselnde, gut ausgefeilte Charaktere und ein Plot, der Spannung bis zu letzten Seite bietet.\u201c<\/em> Garmisch-Partenkirchener Tagblatt<\/p>\n<p><em>\u201eKommissar Schwemmer ist eine ganz gro\u00dfartige Figur auf dem Krimimarkt. Ein super-sympathischer Charakter, jemand, den man sofort in sein Herz schlie\u00dft.\u201c<\/em> Peter Hetzel, SAT1<\/p>\n<p>Ich fand den Krimi wirklich gut. Die Mischung als Witz, viel Spannung und ebenso viel lokaler Farbtupfer ist wirklich gelungen. Mehr davon. Und es gibt mehr.<\/p>\n<p>Inzwischen gibt es mit <a href=\"https:\/\/www.amazon.de\/gp\/product\/3897057263\/ref=as_li_tf_tl?ie=UTF8&#038;tag=familiealbin-21&#038;linkCode=as2&#038;camp=1638&#038;creative=6742&#038;creativeASIN=3897057263\" target=\"_blank\"><strong>Die Seherin von Garmisch<\/strong><\/a><img loading=\"lazy\" src=\"https:\/\/www.assoc-amazon.de\/e\/ir?t=familiealbin-21&#038;l=as2&#038;o=3&#038;a=3897057263\" width=\"1\" height=\"1\" border=\"0\" alt=\"\" style=\"border:none !important; margin:0px !important;\" \/> \u2013 Schwemmers zweiten Fall: <\/p>\n<p><em>Kommissar Schwemmer traut seinen Ohren nicht, als Johanna Kindel sein B\u00fcro betritt und ihm von einem Mord berichtet, den sie im Traum gesehen hat. Ist im Bergwald wirklich ein junger Mann erschossen worden? Oder kann es gar sein, dass das Verbrechen erst in der Zukunft geschehen wird?<br \/>\nSchwemmer ist gewarnt: Schon sein Vorg\u00e4nger stolperte \u00fcber eine Aussage der \u201aSeherin von Garmisch\u2019. Doch die alte Dame scheint zu wissen, von was sie spricht. Schwemmer steht vor schwierigen Entscheidungen.<br \/>\nEine Explosion, eine Rockband, eine Grabsch\u00e4ndung und ein Hexenschuss halten Schwemmer und sein Team auf Trab. Dass sich dann noch das BKA einmischt, ist mehr, als seine gute Laune vertragen kann.<\/em><\/p>\n<p>Und seit dem letzten Jahr auch ein drittes Buch: <a <a href=\"https:\/\/www.amazon.de\/gp\/product\/3897058995\/ref=as_li_tf_tl?ie=UTF8&#038;tag=familiealbin-21&#038;linkCode=as2&#038;camp=1638&#038;creative=6742&#038;creativeASIN=3897058995\" target=\"_blank\"><strong>Der Teufel von Garmisch:<\/strong> Kommissar Schwemmers dritter Fall<\/a><img loading=\"lazy\" src=\"https:\/\/www.assoc-amazon.de\/e\/ir?t=familiealbin-21&#038;l=as2&#038;o=3&#038;a=3897058995\" width=\"1\" height=\"1\" border=\"0\" alt=\"\" style=\"border:none !important; margin:0px !important;\" \/><\/p>\n<p>Dass durchaus einmal ein Toter aus der Partnachklamm zu bergen ist, zeigt der Artikel auf tz-online.de: <a href=\"http:\/\/www.tz-online.de\/aktuelles\/muenchen\/garmisch-partenkirchen-toten-muenchner-klamm-gefunden-tz-2288690.html\" target=\"_blank\">Toten M\u00fcnchner in der Klamm gefunden<\/a><\/p>\n","protected":false},"excerpt":{"rendered":"<p>Urlaubszeit ist oft auch Lesezeit. Aber w\u00e4hrend unseres kurzen Urlaubs in Grainau in den Tagen vor Ostern bin ich gar nicht zum Lesen gekommen, obwohl ich Lekt\u00fcre mit auf die Reise genommen hatte. Daf\u00fcr habe ich aber am vorletzten Tag, als wir beim Warten auf den Eibseebus, der uns von Garmisch-Partenkirchen nach Grainau zur\u00fcckbringen sollte, &hellip; <a href=\"https:\/\/willizblog.de\/?p=5977\" class=\"more-link\"><span class=\"screen-reader-text\">Martin Sch\u00fcller: Tod in Garmisch (Oberbayern Krimi)<\/span> weiterlesen <span class=\"meta-nav\">&rarr;<\/span><\/a><\/p>\n","protected":false},"author":1,"featured_media":0,"comment_status":"open","ping_status":"open","sticky":false,"template":"","format":"standard","meta":[],"categories":[3,10],"tags":[],"_links":{"self":[{"href":"https:\/\/willizblog.de\/index.php?rest_route=\/wp\/v2\/posts\/5977"}],"collection":[{"href":"https:\/\/willizblog.de\/index.php?rest_route=\/wp\/v2\/posts"}],"about":[{"href":"https:\/\/willizblog.de\/index.php?rest_route=\/wp\/v2\/types\/post"}],"author":[{"embeddable":true,"href":"https:\/\/willizblog.de\/index.php?rest_route=\/wp\/v2\/users\/1"}],"replies":[{"embeddable":true,"href":"https:\/\/willizblog.de\/index.php?rest_route=%2Fwp%2Fv2%2Fcomments&post=5977"}],"version-history":[{"count":0,"href":"https:\/\/willizblog.de\/index.php?rest_route=\/wp\/v2\/posts\/5977\/revisions"}],"wp:attachment":[{"href":"https:\/\/willizblog.de\/index.php?rest_route=%2Fwp%2Fv2%2Fmedia&parent=5977"}],"wp:term":[{"taxonomy":"category","embeddable":true,"href":"https:\/\/willizblog.de\/index.php?rest_route=%2Fwp%2Fv2%2Fcategories&post=5977"},{"taxonomy":"post_tag","embeddable":true,"href":"https:\/\/willizblog.de\/index.php?rest_route=%2Fwp%2Fv2%2Ftags&post=5977"}],"curies":[{"name":"wp","href":"https:\/\/api.w.org\/{rel}","templated":true}]}}