{"id":5986,"date":"2012-05-25T08:02:56","date_gmt":"2012-05-25T07:02:56","guid":{"rendered":"http:\/\/www.willizblog.de\/?p=5986"},"modified":"2012-05-22T12:59:27","modified_gmt":"2012-05-22T11:59:27","slug":"grainau-2012-15-eibsee","status":"publish","type":"post","link":"https:\/\/willizblog.de\/?p=5986","title":{"rendered":"Grainau 2012 (15): Eibsee"},"content":{"rendered":"<p>Es war ein nebliger Tag. Der <a href=\"https:\/\/de.wikipedia.org\/wiki\/Eibsee\" target=\"_blank\">Eibsee<\/a>, der ansonsten eher durch ein s\u00fcdliche Flair besticht, h\u00fcllte sich in dunstige Schwaden. Nach mehreren Ausfl\u00fcgen in die Berge umwanderten wir am 6. Tag unseres Aufenthaltes (5. April) in <a href=\"https:\/\/www.willizblog.de\/?p=5734\" target=\"_blank\">Grainau<\/a> den auf rund eintausend Meter hochgelegenen See (samt dem kleinen <a href=\"https:\/\/de.wikipedia.org\/wiki\/Frillensee_%28Grainau%29\" target=\"_blank\">Frillensee<\/a>). Die im Eibsee gelegenen Inseln wirkten wie Gespenster. Und am westlichen Rand lag noch Eis aufget\u00fcrmt.<\/p>\n<p>Wir lie\u00dfen uns Zeit, denn die hatten wir reichlich an diesem Tag. \u201aAngereist\u2019 waren wir von Grainau mit der <a href=\"https:\/\/de.wikipedia.org\/wiki\/Bayerische_Zugspitzbahn\" target=\"_blank\">Zugspitzbahn<\/a>. Zur\u00fcck ging es dann mit dem <a href=\"http:\/\/www.zugspitzland.de\/urlaubsthemen\/zugspitzcard\/grafik\/grainau-all-inclusive\/eibsee-buszugspitzbahn.html\" target=\"_blank\">Eibseebus<\/a> (<a href=\"http:\/\/www.zugspitzcard.com\/eibseebusplan.pdf\" target=\"_blank\">Fahrplan<\/a>).<\/p>\n<p>Es dauerte etwa zwei ein halb Stunden, bis wir einmal um den See gegangen waren. W\u00e4hrend ich filmte, machte der \u00e4ltere meiner S\u00f6hne jede Menge Fotos. Und es war angenehm ruhig, denn es war so gut wie nichts los an diesem Tag vor Karfreitag. Die Saison soll ja erst noch beginnen. <\/p>\n<p><object classid=\"clsid:D27CDB6E-AE6D-11cf-96B8-444553540000\" width=\"540\" height=\"280\" codebase=\"http:\/\/download.macromedia.com\/pub\/shockwave\/cabs\/flash\/swflash.cab\"><param name=\"movie\" value=\"https:\/\/www.willizblog.de\/blogpicts\/slideshow.swf?file=https:\/\/www.willizblog.de\/images\/grainau_2012_eibsee.xml\" \/><param name=\"wmode\" value=\"transparent\" \/><embed width=\"540\" height=\"280\" src=\"https:\/\/www.willizblog.de\/blogpicts\/slideshow.swf?file=https:\/\/www.willizblog.de\/images\/grainau_2012_eibsee.xml\" type=\"application\/x-shockwave-flash\" pluginspage=\"http:\/\/www.macromedia.com\/go\/getflashplayer\" wmode=\"transparent\" \/><\/object><br \/>\nFotos \u00a9 <strong>Jan Einar Albin<\/strong><\/p>\n<p><img src=\"https:\/\/www.willizblog.de\/images\/grainau_2012_eibsee_06.jpg\" alt=\"Inseln im Eibsee\" title=\"Inseln im Eibsee\" \/><\/p>\n","protected":false},"excerpt":{"rendered":"<p>Es war ein nebliger Tag. Der Eibsee, der ansonsten eher durch ein s\u00fcdliche Flair besticht, h\u00fcllte sich in dunstige Schwaden. Nach mehreren Ausfl\u00fcgen in die Berge umwanderten wir am 6. Tag unseres Aufenthaltes (5. April) in Grainau den auf rund eintausend Meter hochgelegenen See (samt dem kleinen Frillensee). Die im Eibsee gelegenen Inseln wirkten wie &hellip; <a href=\"https:\/\/willizblog.de\/?p=5986\" class=\"more-link\"><span class=\"screen-reader-text\">Grainau 2012 (15): Eibsee<\/span> weiterlesen <span class=\"meta-nav\">&rarr;<\/span><\/a><\/p>\n","protected":false},"author":1,"featured_media":0,"comment_status":"open","ping_status":"open","sticky":false,"template":"","format":"standard","meta":[],"categories":[10],"tags":[],"_links":{"self":[{"href":"https:\/\/willizblog.de\/index.php?rest_route=\/wp\/v2\/posts\/5986"}],"collection":[{"href":"https:\/\/willizblog.de\/index.php?rest_route=\/wp\/v2\/posts"}],"about":[{"href":"https:\/\/willizblog.de\/index.php?rest_route=\/wp\/v2\/types\/post"}],"author":[{"embeddable":true,"href":"https:\/\/willizblog.de\/index.php?rest_route=\/wp\/v2\/users\/1"}],"replies":[{"embeddable":true,"href":"https:\/\/willizblog.de\/index.php?rest_route=%2Fwp%2Fv2%2Fcomments&post=5986"}],"version-history":[{"count":0,"href":"https:\/\/willizblog.de\/index.php?rest_route=\/wp\/v2\/posts\/5986\/revisions"}],"wp:attachment":[{"href":"https:\/\/willizblog.de\/index.php?rest_route=%2Fwp%2Fv2%2Fmedia&parent=5986"}],"wp:term":[{"taxonomy":"category","embeddable":true,"href":"https:\/\/willizblog.de\/index.php?rest_route=%2Fwp%2Fv2%2Fcategories&post=5986"},{"taxonomy":"post_tag","embeddable":true,"href":"https:\/\/willizblog.de\/index.php?rest_route=%2Fwp%2Fv2%2Ftags&post=5986"}],"curies":[{"name":"wp","href":"https:\/\/api.w.org\/{rel}","templated":true}]}}