{"id":5991,"date":"2012-05-26T08:01:18","date_gmt":"2012-05-26T07:01:18","guid":{"rendered":"http:\/\/www.willizblog.de\/?p=5991"},"modified":"2012-05-29T08:37:06","modified_gmt":"2012-05-29T07:37:06","slug":"romananfange-4-harry-und-hermine","status":"publish","type":"post","link":"https:\/\/willizblog.de\/?p=5991","title":{"rendered":"Romananf\u00e4nge (4): Harry und Hermine"},"content":{"rendered":"<p>Nein, es geht nicht um <a href=\"https:\/\/de.wikipedia.org\/wiki\/Figuren_der_Harry-Potter-Romane#Harry_Potter\" target=\"_blank\">Harry Potter<\/a> und <a href=\"https:\/\/de.wikipedia.org\/wiki\/Figuren_der_Harry-Potter-Romane#Hermine_Granger\" target=\"_blank\">Hermine Granger<\/a> (englisch <em>Hermione<\/em>). Schon vor den beiden gab es einen Roman, in dem allerdings ein Harry Haller und eine Hermine die Hauptfiguren spielten: <a href=\"https:\/\/de.wikipedia.org\/wiki\/Hermann_Hesse\" target=\"_blank\">Hermann Hesses<\/a> <a target=\"_blank\" href=\"https:\/\/www.amazon.de\/gp\/search?ie=UTF8&#038;keywords=hermann%20hesse%20steppenwolf&#038;tag=familiealbin-21&#038;index=books&#038;linkCode=ur2&#038;camp=1638&#038;creative=6742\"><strong>Der Steppenwolf<\/strong><\/a><img loading=\"lazy\" src=\"https:\/\/www.assoc-amazon.de\/e\/ir?t=familiealbin-21&#038;l=ur2&#038;o=3\" width=\"1\" height=\"1\" border=\"0\" alt=\"\" style=\"border:none !important; margin:0px !important;\" \/>. Harry Haller ist der Steppenwolf.<\/p>\n<p><img src=\"https:\/\/www.albinz.net\/images\/willi_logo2005.jpg\" alt=\"Willi und die Romananf\u00e4nge\" title=\"Willi und die Romananf\u00e4nge\" \/><\/p>\n<p>Bei der Betrachtung von \u201aRomananf\u00e4ngen\u2019 ragt dieser Roman gewisserma\u00dfen dadurch hervor, dass er nicht nur einen Romananfang, sondern am Ende derer ganze drei beinhaltet. Es geht los mit einem \u201aVorwort des Herausgebers\u2019. Dieses geh\u00f6rt entgegen sonstigen Vorworten mit zum Roman, denn der fiktive Herausgeber ist kein anderer als Hesse selbst, der Verfasser des gesamten Romans. Entnommen sind folgende Texte der mir vorliegenden Ausgabe: suhrkamp taschenbuch st 175 \u2013 Suhrkamp Taschenbuch Verlag, Frankfurt am Main, 4. Auflage, 151. \u2013 190. Tausend 1975:<\/p>\n<p><em>Vorwort des Herausgebers<\/em><\/p>\n<p><em>Dieses Buch enth\u00e4lt die uns gebliebenen Aufzeichnungen jenes Mannes, welchen wir mit einen Ausdruck, den er selbst mehrmals gebrauchte, den \u201eSteppenwolf\u201c nannten. Ob sein Manuskript eines einf\u00fchrenden Vorwortes bed\u00fcrfe, sei dahingestellt; mir jedenfalls ist es ein Bed\u00fcrfnis, den Bl\u00e4ttern des Steppenwolfes einige beizuf\u00fcgen, auf denen ich versuche, meine Erinnerung an ihn aufzuzeichnen.<\/em> [&#8230;] (S. 7)<\/p>\n<ul><img src=\"https:\/\/www.willizblog.de\/images\/hermann_hesse_der_steppenwolf.jpg\" alt=\"Hermann Hesse: Der Steppenwolf\" title=\"Hermann Hesse: Der Steppenwolf\" \/><\/ul>\n<p>Den Gro\u00dfteil des Romans bilden, wie aus dem Vorwort bereits ersichtlich ist, die Aufzeichnungen jenes Harry Hallers. Haller ist Untermieter in einer kleinen <a href=\"https:\/\/de.wikipedia.org\/wiki\/Mansarde\" target=\"_blank\">Mansarde<\/a> in dem Haus, das der Tante des Vorwortverfassers geh\u00f6rt. Daher auch die Bekanntschaft mit dem Steppenwolf. Dieser ist in etwa 50 Jahre alt und geht keiner geregelten Arbeit nach, wie man heute wohl sagen w\u00fcrde. Er lebt au\u00dferhalb der b\u00fcrgerlichen Gesellschaft und verschwindet dann auch nach knapp einem Jahr spurlos, hinterl\u00e4sst aber jenes Manuskript, seine Aufzeichnungen mit dem Hinweis, der Vorwortverfasser k\u00f6nne damit tun, was ihm beliebt.<\/p>\n<p><em>Harry Hallers Aufzeichnungen<br \/>\nNur f\u00fcr Verr\u00fcckte<\/em><\/p>\n<p><em>Der Tag war vergangen, wie eben die Tage so vergehen; ich hatte ihn herumgebracht, hatte ihn sanft umgebracht, mit meiner primitiven und sch\u00fcchternen Art von Lebenskunst; ich hatte einige Stunden gearbeitet, alte B\u00fccher gew\u00e4lzt, ich hatte zwei Stunden lang Schmerzen gehabt, wie \u00e4ltere Leute sie eben haben, hatte ein Pulver genommen und mich gefreut, da\u00df die Schmerzen sich \u00fcberlisten lie\u00dfen, hatte in einem hei\u00dfen Bad gelegen und die liebe W\u00e4rme eingesogen, hatte dreimal die Post empfangen und all die entbehrlichen Briefe und Drucksachen durchgesehen, hatte meine Atem\u00fcbungen gemacht, die Gedanken\u00fcbungen aber heut aus Bequemlichkeit weggelassen, war eine Stunde spazieren gewesen und hatte sch\u00f6ne, zarte, kostbare Federw\u00f6lkchenmuster in den Himmel gezeichnet gefunden.<\/em> [&#8230;] (S. 29).<\/p>\n<p>Auf einem abendlichen Spaziergang erf\u00e4hrt Harry Haller, der Steppenwolf eine Einladung:<\/p>\n<p><em>Magisches Theater<br \/>\nEintritt nicht f\u00fcr jedermann<br \/>\nNur \u2013 f\u00fcr \u2013 Ver \u2013 r\u00fcckte!<\/em> (S. 37)<\/p>\n<p>Wenig sp\u00e4ter wird ihm auf der Stra\u00dfe ein kleines B\u00fcchlein \u00fcberreicht, das mit ihn aus der Sicht scheinbar Au\u00dfenstehender analysiert. Es ist also ein Buch im Buch. Daher hier nun auch ein weiterer \u201aRomananfang\u2019:<\/p>\n<p><em>Tractat vom Steppenwolf<br \/>\nNur f\u00fcr Verr\u00fcckte<\/em><\/p>\n<p><em>Es war einmal einer namens Harry, genannt der Steppenwolf. Er ging auf zwei Beinen, trug Kleider und war ein Mensch, aber eigentlich war es doch eben ein Steppenwolf. Er hatte vieles von dem gelernt, was Menschen mit gutem Verstande lernen k\u00f6nnen, und war ein ziemlich kluger Mann. Was er aber nicht gelernt hatte, was dies: mit sich und seinem Leben zufrieden zu sein.<\/em> [&#8230;] (S. 46)<\/p>\n<p>Soviel zu den \u201aRomananf\u00e4ngen\u2019 in Hermann Hesses <a href=\"https:\/\/de.wikipedia.org\/wiki\/Der_Steppenwolf\" target=\"_blank\">\u201aDer Steppenwolf\u2019<\/a>. Zum Buch selbst, das \u00fcbrigens 1927, also zu Hesses 50. Geburtstag, erschien und das ich zum ersten Mal 1976 in H\u00e4nden hielt und zz. zum vierten oder f\u00fcnften Mal lese, komme ich sp\u00e4ter noch einmal ausf\u00fchrlicher zur\u00fcck. Dieses Jahr begehen wir <a href=\"https:\/\/www.willizblog.de\/?p=5914\" target=\"_blank\">wie bereits erw\u00e4hnt Hesses 50. Todestag<\/a> und gleichzeitig den 135. Jahrestag seiner Geburt. Auch zu Hesse dann etwas mehr.<\/p>\n","protected":false},"excerpt":{"rendered":"<p>Nein, es geht nicht um Harry Potter und Hermine Granger (englisch Hermione). Schon vor den beiden gab es einen Roman, in dem allerdings ein Harry Haller und eine Hermine die Hauptfiguren spielten: Hermann Hesses Der Steppenwolf. Harry Haller ist der Steppenwolf. Bei der Betrachtung von \u201aRomananf\u00e4ngen\u2019 ragt dieser Roman gewisserma\u00dfen dadurch hervor, dass er nicht &hellip; <a href=\"https:\/\/willizblog.de\/?p=5991\" class=\"more-link\"><span class=\"screen-reader-text\">Romananf\u00e4nge (4): Harry und Hermine<\/span> weiterlesen <span class=\"meta-nav\">&rarr;<\/span><\/a><\/p>\n","protected":false},"author":1,"featured_media":0,"comment_status":"open","ping_status":"open","sticky":false,"template":"","format":"standard","meta":[],"categories":[14],"tags":[],"_links":{"self":[{"href":"https:\/\/willizblog.de\/index.php?rest_route=\/wp\/v2\/posts\/5991"}],"collection":[{"href":"https:\/\/willizblog.de\/index.php?rest_route=\/wp\/v2\/posts"}],"about":[{"href":"https:\/\/willizblog.de\/index.php?rest_route=\/wp\/v2\/types\/post"}],"author":[{"embeddable":true,"href":"https:\/\/willizblog.de\/index.php?rest_route=\/wp\/v2\/users\/1"}],"replies":[{"embeddable":true,"href":"https:\/\/willizblog.de\/index.php?rest_route=%2Fwp%2Fv2%2Fcomments&post=5991"}],"version-history":[{"count":0,"href":"https:\/\/willizblog.de\/index.php?rest_route=\/wp\/v2\/posts\/5991\/revisions"}],"wp:attachment":[{"href":"https:\/\/willizblog.de\/index.php?rest_route=%2Fwp%2Fv2%2Fmedia&parent=5991"}],"wp:term":[{"taxonomy":"category","embeddable":true,"href":"https:\/\/willizblog.de\/index.php?rest_route=%2Fwp%2Fv2%2Fcategories&post=5991"},{"taxonomy":"post_tag","embeddable":true,"href":"https:\/\/willizblog.de\/index.php?rest_route=%2Fwp%2Fv2%2Ftags&post=5991"}],"curies":[{"name":"wp","href":"https:\/\/api.w.org\/{rel}","templated":true}]}}