{"id":601,"date":"2006-09-17T00:06:19","date_gmt":"2006-09-16T22:06:19","guid":{"rendered":"http:\/\/www.albinz.de\/blog\/?p=601"},"modified":"2006-09-13T13:10:44","modified_gmt":"2006-09-13T11:10:44","slug":"bin-laden-im-video","status":"publish","type":"post","link":"https:\/\/willizblog.de\/?p=601","title":{"rendered":"Bin Laden im Video"},"content":{"rendered":"<p>Mit dem <a href=\"https:\/\/www.willizblog.de\/?p=590\">5. Jahrestag der Terroranschlags<\/a> auf das World Trade Center in New York mehrt sich auch wieder die Frage, was ist eigentlich mit dem Urheber dieses Terrors, mit <a href=\"https:\/\/de.wikipedia.org\/wiki\/Osama_bin_Laden\" target=\"_blank\">Osama bin Laden<\/a>. US-Pr\u00e4sident Bush posaunt es hinaus: Amerika wird dich fassen! Aber bis heute ist das nicht gegl\u00fcckt.<\/p>\n<p>immer wieder h\u00f6rt und sieht man in den Fernsehnachrichten von Videobotschaften, die bin Laden zeigen und die im Internet ver\u00f6ffentlicht wurden. Wer hat aber sich jeweils ein solches Video &#8222;in Ruhe&#8220; ansehen k\u00f6nnen. Hier eine <a href=\"http:\/\/usamahbinmuhammadbinawadbinladin.com\/\" target=\"_blank\">Website<\/a>, die Osama bin Laden (und mehr) im Video zeigt.<\/p>\n","protected":false},"excerpt":{"rendered":"<p>Mit dem 5. Jahrestag der Terroranschlags auf das World Trade Center in New York mehrt sich auch wieder die Frage, was ist eigentlich mit dem Urheber dieses Terrors, mit Osama bin Laden. US-Pr\u00e4sident Bush posaunt es hinaus: Amerika wird dich fassen! Aber bis heute ist das nicht gegl\u00fcckt. immer wieder h\u00f6rt und sieht man in &hellip; <a href=\"https:\/\/willizblog.de\/?p=601\" class=\"more-link\"><span class=\"screen-reader-text\">Bin Laden im Video<\/span> weiterlesen <span class=\"meta-nav\">&rarr;<\/span><\/a><\/p>\n","protected":false},"author":1,"featured_media":0,"comment_status":"closed","ping_status":"closed","sticky":false,"template":"","format":"standard","meta":[],"categories":[12],"tags":[],"_links":{"self":[{"href":"https:\/\/willizblog.de\/index.php?rest_route=\/wp\/v2\/posts\/601"}],"collection":[{"href":"https:\/\/willizblog.de\/index.php?rest_route=\/wp\/v2\/posts"}],"about":[{"href":"https:\/\/willizblog.de\/index.php?rest_route=\/wp\/v2\/types\/post"}],"author":[{"embeddable":true,"href":"https:\/\/willizblog.de\/index.php?rest_route=\/wp\/v2\/users\/1"}],"replies":[{"embeddable":true,"href":"https:\/\/willizblog.de\/index.php?rest_route=%2Fwp%2Fv2%2Fcomments&post=601"}],"version-history":[{"count":0,"href":"https:\/\/willizblog.de\/index.php?rest_route=\/wp\/v2\/posts\/601\/revisions"}],"wp:attachment":[{"href":"https:\/\/willizblog.de\/index.php?rest_route=%2Fwp%2Fv2%2Fmedia&parent=601"}],"wp:term":[{"taxonomy":"category","embeddable":true,"href":"https:\/\/willizblog.de\/index.php?rest_route=%2Fwp%2Fv2%2Fcategories&post=601"},{"taxonomy":"post_tag","embeddable":true,"href":"https:\/\/willizblog.de\/index.php?rest_route=%2Fwp%2Fv2%2Ftags&post=601"}],"curies":[{"name":"wp","href":"https:\/\/api.w.org\/{rel}","templated":true}]}}