{"id":6020,"date":"2012-06-02T08:01:56","date_gmt":"2012-06-02T07:01:56","guid":{"rendered":"http:\/\/www.willizblog.de\/?p=6020"},"modified":"2012-05-30T10:35:30","modified_gmt":"2012-05-30T09:35:30","slug":"grainau-2012-16-wank","status":"publish","type":"post","link":"https:\/\/willizblog.de\/?p=6020","title":{"rendered":"Grainau 2012 (16): Wank"},"content":{"rendered":"<p><em>\u201eDen beliebten 1.780 Meter hohen Wank erreichen Sie nach 20-min\u00fctiger Fahrt in bequemen, viersitzigen Kabinen. Auch Familien mit Kindern und Senioren kommen dank der Wankbahn ohne m\u00fchsame Aufstiege in den Genuss des einzigartigen Winterpanoramas, dass Sie vom Wank erleben d\u00fcrfen. Entfliehen Sie der grauen Nebelstimmung im Tal und durchsto\u00dfen Sie mit der Wankbahn die Wolkendecke bis hinauf auf den sonnigen Gipfel des Panoramaberges.\u201c<\/em> So hei\u00dft es auf <a href=\"http:\/\/www.zugspitze.de\/de\/winter\/berg\/wank\/\" target=\"_blank\">zugspitze.de<\/a>. Leider hatten wir am Karfreitag w\u00e4hrend unseres diesj\u00e4hrigen <a href=\"https:\/\/www.willizblog.de\/?p=5734\" target=\"_blank\">Urlaubs in Grainau<\/a> weniger Gl\u00fcck. Dicke Nebelschwaden hatten sich um den Gipfel des <a href=\"https:\/\/de.wikipedia.org\/wiki\/Wank_%28Berg%29\" target=\"_blank\">Wank<\/a> gelegt. Kein Genuss eines einzigartigen Winterpanoramas. Daf\u00fcr lag hier oben aber noch reichlich Schnee, der sich auch zum Bau von Schneem\u00e4nnern noch trefflich eignete. Es war \u00fcbrigens der erste Tag nach l\u00e4ngerer Revisionspause, dass die Wankbahn wieder fuhr.<\/p>\n<p><object classid=\"clsid:D27CDB6E-AE6D-11cf-96B8-444553540000\" width=\"540\" height=\"280\" codebase=\"http:\/\/download.macromedia.com\/pub\/shockwave\/cabs\/flash\/swflash.cab\"><param name=\"movie\" value=\"https:\/\/www.willizblog.de\/blogpicts\/slideshow.swf?file=https:\/\/www.willizblog.de\/images\/gapa_2012_wank.xml\" \/><param name=\"wmode\" value=\"transparent\" \/><embed width=\"540\" height=\"280\" src=\"https:\/\/www.willizblog.de\/blogpicts\/slideshow.swf?file=https:\/\/www.willizblog.de\/images\/gapa_2012_wank.xml\" type=\"application\/x-shockwave-flash\" pluginspage=\"http:\/\/www.macromedia.com\/go\/getflashplayer\" wmode=\"transparent\" \/><\/object><br \/>\nFotos \u00a9 <strong>Jan Einar Albin<\/strong><\/p>\n<p><img src=\"https:\/\/www.willizblog.de\/images\/gapa_2012_wank_02.jpg\" alt=\"Auf dem Wank bei Garmisch-Partenkirchen 2012\" title=\"Auf dem Wank bei Garmisch-Partenkirchen 2012\" \/><\/p>\n","protected":false},"excerpt":{"rendered":"<p>\u201eDen beliebten 1.780 Meter hohen Wank erreichen Sie nach 20-min\u00fctiger Fahrt in bequemen, viersitzigen Kabinen. Auch Familien mit Kindern und Senioren kommen dank der Wankbahn ohne m\u00fchsame Aufstiege in den Genuss des einzigartigen Winterpanoramas, dass Sie vom Wank erleben d\u00fcrfen. Entfliehen Sie der grauen Nebelstimmung im Tal und durchsto\u00dfen Sie mit der Wankbahn die Wolkendecke &hellip; <a href=\"https:\/\/willizblog.de\/?p=6020\" class=\"more-link\"><span class=\"screen-reader-text\">Grainau 2012 (16): Wank<\/span> weiterlesen <span class=\"meta-nav\">&rarr;<\/span><\/a><\/p>\n","protected":false},"author":1,"featured_media":0,"comment_status":"open","ping_status":"open","sticky":false,"template":"","format":"standard","meta":[],"categories":[10],"tags":[],"_links":{"self":[{"href":"https:\/\/willizblog.de\/index.php?rest_route=\/wp\/v2\/posts\/6020"}],"collection":[{"href":"https:\/\/willizblog.de\/index.php?rest_route=\/wp\/v2\/posts"}],"about":[{"href":"https:\/\/willizblog.de\/index.php?rest_route=\/wp\/v2\/types\/post"}],"author":[{"embeddable":true,"href":"https:\/\/willizblog.de\/index.php?rest_route=\/wp\/v2\/users\/1"}],"replies":[{"embeddable":true,"href":"https:\/\/willizblog.de\/index.php?rest_route=%2Fwp%2Fv2%2Fcomments&post=6020"}],"version-history":[{"count":0,"href":"https:\/\/willizblog.de\/index.php?rest_route=\/wp\/v2\/posts\/6020\/revisions"}],"wp:attachment":[{"href":"https:\/\/willizblog.de\/index.php?rest_route=%2Fwp%2Fv2%2Fmedia&parent=6020"}],"wp:term":[{"taxonomy":"category","embeddable":true,"href":"https:\/\/willizblog.de\/index.php?rest_route=%2Fwp%2Fv2%2Fcategories&post=6020"},{"taxonomy":"post_tag","embeddable":true,"href":"https:\/\/willizblog.de\/index.php?rest_route=%2Fwp%2Fv2%2Ftags&post=6020"}],"curies":[{"name":"wp","href":"https:\/\/api.w.org\/{rel}","templated":true}]}}