{"id":603,"date":"2006-09-16T23:25:45","date_gmt":"2006-09-16T21:25:45","guid":{"rendered":"http:\/\/www.albinz.de\/blog\/?p=603"},"modified":"2007-08-20T08:26:29","modified_gmt":"2007-08-20T06:26:29","slug":"werder-tappt-im-dunkeln","status":"publish","type":"post","link":"https:\/\/willizblog.de\/?p=603","title":{"rendered":"Werder tappt im Dunkeln"},"content":{"rendered":"<p>Nach dem gegl\u00fcckten Auftakt zur neuen Saison und dem Gewinn des Liga-Pokals hagelte es jetzt bereits die vierte Niederlage in Folge. Jede dieser Niederlagen f\u00fcr sich betrachtet w\u00e4re vielleicht verzeihlich, in der Summe und so am St\u00fcck aber kann man nur noch fragen: Was ist mit Werder Bremen los? Die Mannschaft tappt zz. v\u00f6llig im Dunkeln.<\/p>\n<p><img src=\"https:\/\/www.albinz.net\/images\/werder0607_cl01.jpg\" alt=\"Werder tappt im Dunkeln\" \/><\/p>\n<p>Nach dem unr\u00fchmlichen Ausscheiden im DFB-Pokal droht ein schnelles Ende in der Champions League. Und w\u00fcrden nicht auch die Bayern \u00fcber ihre eigenen F\u00fc\u00dfe stolpern, so w\u00e4re bereits jetzt zu bef\u00fcrchten, dass auch in der Bundesliga der Meisterschaftszug abgefahren w\u00e4re. Und am kommenden Wochenende droht die n\u00e4chste Niederlage in Hamburg gegen den HSV, der sich allerdings bisher noch weniger mit Ruhm bekleckert hat.<\/p>\n<p>Aber dann kann es eigentlich nur noch bergauf gehen &#8230;<\/p>\n","protected":false},"excerpt":{"rendered":"<p>Nach dem gegl\u00fcckten Auftakt zur neuen Saison und dem Gewinn des Liga-Pokals hagelte es jetzt bereits die vierte Niederlage in Folge. Jede dieser Niederlagen f\u00fcr sich betrachtet w\u00e4re vielleicht verzeihlich, in der Summe und so am St\u00fcck aber kann man nur noch fragen: Was ist mit Werder Bremen los? Die Mannschaft tappt zz. v\u00f6llig im &hellip; <a href=\"https:\/\/willizblog.de\/?p=603\" class=\"more-link\"><span class=\"screen-reader-text\">Werder tappt im Dunkeln<\/span> weiterlesen <span class=\"meta-nav\">&rarr;<\/span><\/a><\/p>\n","protected":false},"author":1,"featured_media":0,"comment_status":"closed","ping_status":"closed","sticky":false,"template":"","format":"standard","meta":[],"categories":[27],"tags":[],"_links":{"self":[{"href":"https:\/\/willizblog.de\/index.php?rest_route=\/wp\/v2\/posts\/603"}],"collection":[{"href":"https:\/\/willizblog.de\/index.php?rest_route=\/wp\/v2\/posts"}],"about":[{"href":"https:\/\/willizblog.de\/index.php?rest_route=\/wp\/v2\/types\/post"}],"author":[{"embeddable":true,"href":"https:\/\/willizblog.de\/index.php?rest_route=\/wp\/v2\/users\/1"}],"replies":[{"embeddable":true,"href":"https:\/\/willizblog.de\/index.php?rest_route=%2Fwp%2Fv2%2Fcomments&post=603"}],"version-history":[{"count":0,"href":"https:\/\/willizblog.de\/index.php?rest_route=\/wp\/v2\/posts\/603\/revisions"}],"wp:attachment":[{"href":"https:\/\/willizblog.de\/index.php?rest_route=%2Fwp%2Fv2%2Fmedia&parent=603"}],"wp:term":[{"taxonomy":"category","embeddable":true,"href":"https:\/\/willizblog.de\/index.php?rest_route=%2Fwp%2Fv2%2Fcategories&post=603"},{"taxonomy":"post_tag","embeddable":true,"href":"https:\/\/willizblog.de\/index.php?rest_route=%2Fwp%2Fv2%2Ftags&post=603"}],"curies":[{"name":"wp","href":"https:\/\/api.w.org\/{rel}","templated":true}]}}