{"id":6036,"date":"2012-06-07T07:38:00","date_gmt":"2012-06-07T06:38:00","guid":{"rendered":"http:\/\/www.willizblog.de\/?p=6036"},"modified":"2012-06-06T06:29:14","modified_gmt":"2012-06-06T05:29:14","slug":"grainau-2012-17-von-solebadern-pucks-und-nebelfeldern","status":"publish","type":"post","link":"https:\/\/willizblog.de\/?p=6036","title":{"rendered":"Grainau 2012 (17): Von Soleb\u00e4dern, Pucks und Nebelfeldern"},"content":{"rendered":"<p>W\u00e4hrend unseres <a href=\"https:\/\/www.willizblog.de\/?p=5734\" target=\"_blank\">Grainau-Urlaubs<\/a> die Woche vor Ostern hatten wir uns eine <a href=\"https:\/\/www.willizblog.de\/?p=5802\" target=\"_blank\">Zugspitzcard Gold<\/a> gekauft und diese dann auch voll ausgenutzt, u.a. haben wir folgende Seilbahnfahrten unternommen: <a href=\"https:\/\/www.willizblog.de\/?p=5895\" target=\"_blank\">Zugspitz-Rundreise<\/a>, <a href=\"https:\/\/www.willizblog.de\/?p=5832\" target=\"_blank\">Garmisch-Classic-Rundfahrt<\/a> und <a href=\"https:\/\/www.willizblog.de\/?p=6020\" target=\"_blank\">Wankbahn-Fahrt<\/a>.<\/p>\n<p>Daneben waren wir einmal im <a href=\"https:\/\/www.willizblog.de\/?p=5923\" target=\"_blank\">Kletterwald von Garmisch-Partenkirchen<\/a>, haben mit <a href=\"https:\/\/de.wikipedia.org\/wiki\/Bayerische_Zugspitzbahn\" target=\"_blank\">Zugspitzbahn<\/a> und Eibseebus den <a href=\"https:\/\/www.willizblog.de\/?p=5986\" target=\"_blank\">Eibsee<\/a> besucht und waren f\u00fcnf Mal im <a href=\"http:\/\/www.grainau.de\/de\/freizeit_erholung\/sport-aktivitaeten\/zugspitzbad\" target=\"_blank\">Zugspitzbad von Grainau<\/a>. Im Eintritt enthalten sind neben der Nutzung des Schwimmbades auch ein Sole-Whirlpool und das Dampfbad.<\/p>\n<p>Und da die Eishockey-Saison noch nicht abgeschlossen war, besuchten wir am vorletzten Tag am sp\u00e4ten Nachmittag noch ein Spiel des <a href=\"https:\/\/de.wikipedia.org\/wiki\/SC_Riessersee\" target=\"_blank\">SC Riessersee<\/a> in dem <a href=\"https:\/\/de.wikipedia.org\/wiki\/Olympia-Eissport-Zentrum\" target=\"_blank\">Olympia-Eissport-Zentrum Garmisch-Partenkirchen<\/a> \u2013 auch hier ist der Eintritt durch die Zugspitzcard abgedeckt, wenn auch nur f\u00fcr Stehpl\u00e4tze.<\/p>\n<p><img src=\"https:\/\/www.willizblog.de\/images\/gapa_2012_olympia_eissport_zentrum.jpg\" alt=\"Olympia-Eissport-Zentrum Garmisch-Partenkirchen\" title=\"Olympia-Eissport-Zentrum Garmisch-Partenkirchen\" \/><\/p>\n<p>Es ging in der <a href=\"https:\/\/de.wikipedia.org\/wiki\/2._Eishockey-Bundesliga_2011\/12#Abstiegsrunde\" target=\"_blank\">2. Eishockey Bundesliga um den Abstieg<\/a> gegen die Eispiraten Crimmitschau. Das Spiel ging zwar in der Verl\u00e4ngerung 2:3 verloren, trotzdem konnte der Sc Riessersee die Klasse erhalten. Beim Aufw\u00e4rmen der Spieler flogen uns einige <a href=\"https:\/\/de.wikipedia.org\/wiki\/Puck_%28Sport%29\" target=\"_blank\">Pucks<\/a> um die Ohren. Leider konnten wir keinen ergattern. Und leider konnten wir nicht bis zum Ende bleiben, da der letzte <a href=\"http:\/\/www.zugspitzcard.com\/eibseebusplan.pdf\" target=\"_blank\">Eibseebus<\/a> nach Grainau bereits um 21 Uhr 14 ab Bahnhof Garmisch-Partenkirchen losfuhr und wir diesen noch erreichen wollten \u2013 und haben (die letzte Zugspitzbahn fuhr bereits um 18 Uhr 15).<\/p>\n<p><img src=\"https:\/\/www.willizblog.de\/images\/sc_riessersee_einhockey_2012.jpg\" alt=\"Eintrittskarte \u2013 2. Eishockey-Bundesliga: Sc Riessersee\" title=\"Eintrittskarte \u2013 2. Eishockey-Bundesliga: Sc Riessersee\" \/><\/p>\n<p>An dieser Stelle eine sicherlich berechtigte Kritik: Von Grainau nach Garmisch-Partenkirchen und zur\u00fcck kann man sowohl mit der Zugspitzbahn als auch dem Eibseebus fahren. Das klingt zun\u00e4chst gut. Leider fahren beide, Bahn wie Bus, fast zeitgleich. Eine zeitliche Versetzung des Busses um eine halbe Stunde w\u00e4re also um einiges besser. Hat man die Bahn verpasst, dann ist der Bus auch gerade weg und man darf ann\u00e4hernd eine Stunde auf das n\u00e4chste Verkehrsmittel warten. <\/p>\n<p>Nun dieser vorletzte Tag (der Samstag vor Ostern) war regnerisch. So waren wir l\u00e4ngere Zeit als sonst im Zugspitzbad und abends \u2013 wie gesagt \u2013 in Garmisch-Partenkirchen beim Eishockey. An diesem Tag hatte man zum ersten Mal auch keinen Blick auf die <a href=\"https:\/\/de.wikipedia.org\/wiki\/Zugspitze\" target=\"_blank\">Zugspitze<\/a>. Bis ins Tal breiteten sich Nebelschwaden aus.<\/p>\n<p><img src=\"https:\/\/www.willizblog.de\/images\/grainau_2012_nebel.jpg\" alt=\"Nebelschwaden in Grainau 2012\" title=\"Nebelschwaden in Grainau 2012\" \/><br \/>\nFotos \u00a9 <strong>Jan Einar Albin<\/strong><\/p>\n<p>Damit ging unser Urlaub leider auch langsam zu Ende. Der n\u00e4chste Tag, der Ostersonntag, war Abreisetag. Und dieser Tag sollte noch eine \u00dcberraschung f\u00fcr uns in petto haben &#8230;<\/p>\n","protected":false},"excerpt":{"rendered":"<p>W\u00e4hrend unseres Grainau-Urlaubs die Woche vor Ostern hatten wir uns eine Zugspitzcard Gold gekauft und diese dann auch voll ausgenutzt, u.a. haben wir folgende Seilbahnfahrten unternommen: Zugspitz-Rundreise, Garmisch-Classic-Rundfahrt und Wankbahn-Fahrt. Daneben waren wir einmal im Kletterwald von Garmisch-Partenkirchen, haben mit Zugspitzbahn und Eibseebus den Eibsee besucht und waren f\u00fcnf Mal im Zugspitzbad von Grainau. Im &hellip; <a href=\"https:\/\/willizblog.de\/?p=6036\" class=\"more-link\"><span class=\"screen-reader-text\">Grainau 2012 (17): Von Soleb\u00e4dern, Pucks und Nebelfeldern<\/span> weiterlesen <span class=\"meta-nav\">&rarr;<\/span><\/a><\/p>\n","protected":false},"author":1,"featured_media":0,"comment_status":"open","ping_status":"open","sticky":false,"template":"","format":"standard","meta":[],"categories":[10],"tags":[],"_links":{"self":[{"href":"https:\/\/willizblog.de\/index.php?rest_route=\/wp\/v2\/posts\/6036"}],"collection":[{"href":"https:\/\/willizblog.de\/index.php?rest_route=\/wp\/v2\/posts"}],"about":[{"href":"https:\/\/willizblog.de\/index.php?rest_route=\/wp\/v2\/types\/post"}],"author":[{"embeddable":true,"href":"https:\/\/willizblog.de\/index.php?rest_route=\/wp\/v2\/users\/1"}],"replies":[{"embeddable":true,"href":"https:\/\/willizblog.de\/index.php?rest_route=%2Fwp%2Fv2%2Fcomments&post=6036"}],"version-history":[{"count":0,"href":"https:\/\/willizblog.de\/index.php?rest_route=\/wp\/v2\/posts\/6036\/revisions"}],"wp:attachment":[{"href":"https:\/\/willizblog.de\/index.php?rest_route=%2Fwp%2Fv2%2Fmedia&parent=6036"}],"wp:term":[{"taxonomy":"category","embeddable":true,"href":"https:\/\/willizblog.de\/index.php?rest_route=%2Fwp%2Fv2%2Fcategories&post=6036"},{"taxonomy":"post_tag","embeddable":true,"href":"https:\/\/willizblog.de\/index.php?rest_route=%2Fwp%2Fv2%2Ftags&post=6036"}],"curies":[{"name":"wp","href":"https:\/\/api.w.org\/{rel}","templated":true}]}}