{"id":6065,"date":"2012-06-12T07:44:07","date_gmt":"2012-06-12T06:44:07","guid":{"rendered":"http:\/\/www.willizblog.de\/?p=6065"},"modified":"2012-06-11T10:49:33","modified_gmt":"2012-06-11T09:49:33","slug":"grainau-2012-18-abreise-im-schnee","status":"publish","type":"post","link":"https:\/\/willizblog.de\/?p=6065","title":{"rendered":"Grainau 2012 (18): Abreise im Schnee"},"content":{"rendered":"<p>Am Ostersonntag (08.04.2012) endete unser <a href=\"https:\/\/www.willizblog.de\/?p=5734\" target=\"_blank\">Urlaub in Grainau<\/a>. Morgens holte ich noch einmal frische Br\u00f6tchen beim B\u00e4cker (D\u00fcnzingers Backparadies) fast nebenan in der Waxensteinstra\u00dfe. Und dann gab es ein letztes Fr\u00fchst\u00fcck in unserer Ferienwohnung in der Alpspitzstra\u00dfe bei <a href=\"http:\/\/www.ferienwohnung-degenhart.de\/index.html\" target=\"_blank\">Familie Degenhart<\/a>. Normalerweise hat man vom Balkon aus freie Sicht auf die <a href=\"https:\/\/de.wikipedia.org\/wiki\/Waxenstein\" target=\"_blank\">Waxensteine<\/a> und die <a href=\"https:\/\/de.wikipedia.org\/wiki\/Zugspitze\" target=\"_blank\">Zugspitze<\/a>. Aber das Wetter hatte ein \u00dcberraschung f\u00fcr uns bereit: Bis ins Tal fiel der Schnee.<\/p>\n<p><object classid=\"clsid:D27CDB6E-AE6D-11cf-96B8-444553540000\" width=\"540\" height=\"280\" codebase=\"http:\/\/download.macromedia.com\/pub\/shockwave\/cabs\/flash\/swflash.cab\"><param name=\"movie\" value=\"https:\/\/www.willizblog.de\/blogpicts\/slideshow.swf?file=https:\/\/www.willizblog.de\/images\/grainau_2012_schnee.xml\" \/><param name=\"wmode\" value=\"transparent\" \/><embed width=\"540\" height=\"280\" src=\"https:\/\/www.willizblog.de\/blogpicts\/slideshow.swf?file=https:\/\/www.willizblog.de\/images\/grainau_2012_schnee.xml\" type=\"application\/x-shockwave-flash\" pluginspage=\"http:\/\/www.macromedia.com\/go\/getflashplayer\" wmode=\"transparent\" \/><\/object><br \/>\nVorher \u2013 nachher mit Schnee (Fotos \u00a9 <strong>Jan Einar Albin<\/strong>)<\/p>\n<p>Wir verabschiedeten uns bei unseren liebensw\u00fcrdigen Vermietern: Bis zum n\u00e4chsten Mal! Denn wir gedenken, nicht das letzte Mal nach Grainau gefahren zu sein. \u201aServus\u2019 und <a href=\"https:\/\/de.wikipedia.org\/wiki\/Gr%C3%BC%C3%9F_Gott\" target=\"_blank\">Pfiat\u2019 Di<\/a>, <a href=\"http:\/\/bar.wikipedia.org\/wiki\/Groana\" target=\"_blank\">Groana<\/a>!<\/p>\n<p><img src=\"https:\/\/www.willizblog.de\/images\/grainau_2012_schnee_01.jpg\" alt=\"Schneefall in Grainau am Ostersonntag 2012\" title=\"Schneefall in Grainau am Ostersonntag 2012\" \/><\/p>\n<p>Wegen des Schnees entschlossen wir uns, doch einen Zug fr\u00fcher zu nehmen. Mit der <a href=\"https:\/\/de.wikipedia.org\/wiki\/Bayerische_Zugspitzbahn\" target=\"_blank\">Zugspitzbahn<\/a> ging es erst einmal nach Garmisch-Partenkirchen und von dort dann mit dem Zug der Deutschen Bahn nach M\u00fcnchen. Unterwegs schneite es ohne Unterbrechung. Erst kurz vor M\u00fcnchen kl\u00e4rte es auf, sodass sich sogar die Sonne blicken lie\u00df.<\/p>\n<p><iframe loading=\"lazy\" width=\"420\" height=\"315\" src=\"https:\/\/www.youtube.com\/embed\/sFqJtnU0a8c\" frameborder=\"0\" allowfullscreen><\/iframe><br \/>\nZugspitzbahn Grainau im Schnee Ostern 2012<\/p>\n","protected":false},"excerpt":{"rendered":"<p>Am Ostersonntag (08.04.2012) endete unser Urlaub in Grainau. Morgens holte ich noch einmal frische Br\u00f6tchen beim B\u00e4cker (D\u00fcnzingers Backparadies) fast nebenan in der Waxensteinstra\u00dfe. Und dann gab es ein letztes Fr\u00fchst\u00fcck in unserer Ferienwohnung in der Alpspitzstra\u00dfe bei Familie Degenhart. Normalerweise hat man vom Balkon aus freie Sicht auf die Waxensteine und die Zugspitze. Aber &hellip; <a href=\"https:\/\/willizblog.de\/?p=6065\" class=\"more-link\"><span class=\"screen-reader-text\">Grainau 2012 (18): Abreise im Schnee<\/span> weiterlesen <span class=\"meta-nav\">&rarr;<\/span><\/a><\/p>\n","protected":false},"author":1,"featured_media":0,"comment_status":"open","ping_status":"open","sticky":false,"template":"","format":"standard","meta":[],"categories":[10],"tags":[],"_links":{"self":[{"href":"https:\/\/willizblog.de\/index.php?rest_route=\/wp\/v2\/posts\/6065"}],"collection":[{"href":"https:\/\/willizblog.de\/index.php?rest_route=\/wp\/v2\/posts"}],"about":[{"href":"https:\/\/willizblog.de\/index.php?rest_route=\/wp\/v2\/types\/post"}],"author":[{"embeddable":true,"href":"https:\/\/willizblog.de\/index.php?rest_route=\/wp\/v2\/users\/1"}],"replies":[{"embeddable":true,"href":"https:\/\/willizblog.de\/index.php?rest_route=%2Fwp%2Fv2%2Fcomments&post=6065"}],"version-history":[{"count":0,"href":"https:\/\/willizblog.de\/index.php?rest_route=\/wp\/v2\/posts\/6065\/revisions"}],"wp:attachment":[{"href":"https:\/\/willizblog.de\/index.php?rest_route=%2Fwp%2Fv2%2Fmedia&parent=6065"}],"wp:term":[{"taxonomy":"category","embeddable":true,"href":"https:\/\/willizblog.de\/index.php?rest_route=%2Fwp%2Fv2%2Fcategories&post=6065"},{"taxonomy":"post_tag","embeddable":true,"href":"https:\/\/willizblog.de\/index.php?rest_route=%2Fwp%2Fv2%2Ftags&post=6065"}],"curies":[{"name":"wp","href":"https:\/\/api.w.org\/{rel}","templated":true}]}}