{"id":612,"date":"2006-09-27T05:21:32","date_gmt":"2006-09-27T03:21:32","guid":{"rendered":"http:\/\/www.albinz.de\/blog\/?p=612"},"modified":"2007-08-20T08:27:49","modified_gmt":"2007-08-20T06:27:49","slug":"sv-werder-gegen-fc-barcelona-im-free-tv","status":"publish","type":"post","link":"https:\/\/willizblog.de\/?p=612","title":{"rendered":"SV Werder gegen FC Barcelona im Free TV"},"content":{"rendered":"<p>Ist ja doch erstaunlich, dass man im so genannten Free-TV ein Champions-League-Spiel von <a href=\"http:\/\/www.werder.de\/index.php\" target=\"_blank\">Werder Bremen<\/a> zu sehen bekommt. Heute Abend ab 20 Uhr sendet das Deutsche Sportfernsehen <a href=\"http:\/\/www.dsf.de\/\" target=\"_blank\">(DSF)<\/a> das Heimspiel gegen den FC Barcelona. Anstoss ist um 20 Uhr 45. Nach meiner Fu\u00dfball-WM-\u00fcberdr\u00fcssigkeit wieder einmal ein Spiel, das ich mir angucken werden. F\u00fcr Werder geht es dabei schon um alles oder nichts. Gespannt darf man auf die Aufstellung der Bremer sein: Neben Miroslav Klose k\u00f6nnte auch Per Mertesacker in seinem ersten Pflichtspiel f\u00fcr Werder auflaufen.\n<\/p>\n<p><img src=\"https:\/\/www.albinz.net\/images\/werder0607_cl02.jpg\" alt=\"Per Mertesacker gegen Samuel Eto'o\" \/><\/p>\n<p><strong>Nachtrag:<\/strong> Das Gucken hat sich wirklich gelohnt, denn Werder Bremen bot gegen den FC Barcelona eine hervorragende Party. Mertesacker in seinem ersten Pflichtspiel und Frings schalteten Ronaldinho und Eto&#8217;o fast vollst\u00e4ndig ab. Nach vorn machten Klose und Aaron Hunt ordentlich Druck. Und doch reichte es am Ende nur zu einem 1:1-Unentschieden. Schade!<\/p>\n","protected":false},"excerpt":{"rendered":"<p>Ist ja doch erstaunlich, dass man im so genannten Free-TV ein Champions-League-Spiel von Werder Bremen zu sehen bekommt. Heute Abend ab 20 Uhr sendet das Deutsche Sportfernsehen (DSF) das Heimspiel gegen den FC Barcelona. Anstoss ist um 20 Uhr 45. Nach meiner Fu\u00dfball-WM-\u00fcberdr\u00fcssigkeit wieder einmal ein Spiel, das ich mir angucken werden. F\u00fcr Werder geht &hellip; <a href=\"https:\/\/willizblog.de\/?p=612\" class=\"more-link\"><span class=\"screen-reader-text\">SV Werder gegen FC Barcelona im Free TV<\/span> weiterlesen <span class=\"meta-nav\">&rarr;<\/span><\/a><\/p>\n","protected":false},"author":1,"featured_media":0,"comment_status":"closed","ping_status":"closed","sticky":false,"template":"","format":"standard","meta":[],"categories":[27],"tags":[],"_links":{"self":[{"href":"https:\/\/willizblog.de\/index.php?rest_route=\/wp\/v2\/posts\/612"}],"collection":[{"href":"https:\/\/willizblog.de\/index.php?rest_route=\/wp\/v2\/posts"}],"about":[{"href":"https:\/\/willizblog.de\/index.php?rest_route=\/wp\/v2\/types\/post"}],"author":[{"embeddable":true,"href":"https:\/\/willizblog.de\/index.php?rest_route=\/wp\/v2\/users\/1"}],"replies":[{"embeddable":true,"href":"https:\/\/willizblog.de\/index.php?rest_route=%2Fwp%2Fv2%2Fcomments&post=612"}],"version-history":[{"count":0,"href":"https:\/\/willizblog.de\/index.php?rest_route=\/wp\/v2\/posts\/612\/revisions"}],"wp:attachment":[{"href":"https:\/\/willizblog.de\/index.php?rest_route=%2Fwp%2Fv2%2Fmedia&parent=612"}],"wp:term":[{"taxonomy":"category","embeddable":true,"href":"https:\/\/willizblog.de\/index.php?rest_route=%2Fwp%2Fv2%2Fcategories&post=612"},{"taxonomy":"post_tag","embeddable":true,"href":"https:\/\/willizblog.de\/index.php?rest_route=%2Fwp%2Fv2%2Ftags&post=612"}],"curies":[{"name":"wp","href":"https:\/\/api.w.org\/{rel}","templated":true}]}}