{"id":6166,"date":"2012-07-08T14:17:32","date_gmt":"2012-07-08T12:17:32","guid":{"rendered":"http:\/\/www.willizblog.de\/?p=6166"},"modified":"2012-07-08T14:17:32","modified_gmt":"2012-07-08T12:17:32","slug":"blumenpracht-teil-32","status":"publish","type":"post","link":"https:\/\/willizblog.de\/?p=6166","title":{"rendered":"Blumenpracht Teil 32"},"content":{"rendered":"<p>Es muss einmal gesagt werden: Dieser Sommer ist bisher alles andere als sch\u00f6n. Ja, ich wei\u00df, es gibt einige sch\u00f6ne Tage mit Sonne und W\u00e4rme \u2013 meist aber auch mit einer hohen Luftfeuchtigkeit, die alles ziemlich unertr\u00e4glich werden l\u00e4sst. F\u00fcr die Pflanzen mag das gut sein. F\u00fcr uns arbeitende Menschen weniger. Und die n\u00e4chsten Gewitter sind bereits im Anzug, die die Luft vielleicht f\u00fcr kurze Zeit abk\u00fchlen, damit sie sich bald wieder mit der niedergekommenen Feuchtigkeit s\u00e4ttigt. Von den Sch\u00e4den und Todesf\u00e4llen, die diese Extremwetterlagen verursachen ganz zu schweigen.<\/p>\n<p><object classid=\"clsid:D27CDB6E-AE6D-11cf-96B8-444553540000\" width=\"540\" height=\"280\" codebase=\"http:\/\/download.macromedia.com\/pub\/shockwave\/cabs\/flash\/swflash.cab\"><param name=\"movie\" value=\"https:\/\/www.willizblog.de\/blogpicts\/slideshow.swf?file=https:\/\/www.willizblog.de\/images\/blumen_2012_07.xml\" \/><param name=\"wmode\" value=\"transparent\" \/><embed width=\"540\" height=\"280\" src=\"https:\/\/www.willizblog.de\/blogpicts\/slideshow.swf?file=https:\/\/www.willizblog.de\/images\/blumen_2012_07.xml\" type=\"application\/x-shockwave-flash\" pluginspage=\"http:\/\/www.macromedia.com\/go\/getflashplayer\" wmode=\"transparent\" \/><\/object><\/p>\n<p>Blumenpracht und Fr\u00fcchte in AlbinZ Garten \u2013 Juli 2012<\/p>\n<p><img src=\"https:\/\/www.willizblog.de\/images\/blumen2012_07_04.jpg\" alt=\"Blumenpracht und Fr\u00fcchte in AlbinZ Garten \u2013 Juli 2012\" title=\"Blumenpracht und Fr\u00fcchte in AlbinZ Garten \u2013 Juli 2012\" \/><\/p>\n","protected":false},"excerpt":{"rendered":"<p>Es muss einmal gesagt werden: Dieser Sommer ist bisher alles andere als sch\u00f6n. Ja, ich wei\u00df, es gibt einige sch\u00f6ne Tage mit Sonne und W\u00e4rme \u2013 meist aber auch mit einer hohen Luftfeuchtigkeit, die alles ziemlich unertr\u00e4glich werden l\u00e4sst. F\u00fcr die Pflanzen mag das gut sein. F\u00fcr uns arbeitende Menschen weniger. Und die n\u00e4chsten Gewitter &hellip; <a href=\"https:\/\/willizblog.de\/?p=6166\" class=\"more-link\"><span class=\"screen-reader-text\">Blumenpracht Teil 32<\/span> weiterlesen <span class=\"meta-nav\">&rarr;<\/span><\/a><\/p>\n","protected":false},"author":1,"featured_media":0,"comment_status":"open","ping_status":"open","sticky":false,"template":"","format":"standard","meta":[],"categories":[16],"tags":[],"_links":{"self":[{"href":"https:\/\/willizblog.de\/index.php?rest_route=\/wp\/v2\/posts\/6166"}],"collection":[{"href":"https:\/\/willizblog.de\/index.php?rest_route=\/wp\/v2\/posts"}],"about":[{"href":"https:\/\/willizblog.de\/index.php?rest_route=\/wp\/v2\/types\/post"}],"author":[{"embeddable":true,"href":"https:\/\/willizblog.de\/index.php?rest_route=\/wp\/v2\/users\/1"}],"replies":[{"embeddable":true,"href":"https:\/\/willizblog.de\/index.php?rest_route=%2Fwp%2Fv2%2Fcomments&post=6166"}],"version-history":[{"count":0,"href":"https:\/\/willizblog.de\/index.php?rest_route=\/wp\/v2\/posts\/6166\/revisions"}],"wp:attachment":[{"href":"https:\/\/willizblog.de\/index.php?rest_route=%2Fwp%2Fv2%2Fmedia&parent=6166"}],"wp:term":[{"taxonomy":"category","embeddable":true,"href":"https:\/\/willizblog.de\/index.php?rest_route=%2Fwp%2Fv2%2Fcategories&post=6166"},{"taxonomy":"post_tag","embeddable":true,"href":"https:\/\/willizblog.de\/index.php?rest_route=%2Fwp%2Fv2%2Ftags&post=6166"}],"curies":[{"name":"wp","href":"https:\/\/api.w.org\/{rel}","templated":true}]}}