{"id":6172,"date":"2012-07-11T10:19:37","date_gmt":"2012-07-11T08:19:37","guid":{"rendered":"http:\/\/www.willizblog.de\/?p=6172"},"modified":"2026-02-10T11:08:36","modified_gmt":"2026-02-10T11:08:36","slug":"friedrich-glauser-studer-ermittelt","status":"publish","type":"post","link":"https:\/\/willizblog.de\/?p=6172","title":{"rendered":"Friedrich Glauser: Studer ermittelt"},"content":{"rendered":"<p>Sommerzeit ist f\u00fcr mich nicht nur Lesezeit, sondern meist auch speziell Krimilesezeit. F\u00fcr die warmen Tage eben leichte literarische Kost; zz. lese ich endlich den Riesenw\u00e4lzer von <a href=\"https:\/\/www.willizblog.de\/?p=1442\" target=\"_blank\" rel=\"noopener\">L\u00e9o Malet: Paris des Verbrechens<\/a>, die Kriminalromane um den Privatdetektiven Nestor Burma, zu Ende. Neben Kommissar Maigret von Georges Simenon ist Malets Nestor Burma die in Frankreich bekannteste Figur im Kriminalmilieu.<\/p>\n<p>Denkt man an die Schweiz und Krimis, dann f\u00e4llt den meisten zun\u00e4chst Friedrich <a href=\"https:\/\/www.willizblog.de\/?p=3518\" target=\"_blank\" rel=\"noopener\">D\u00fcrrenmatt und sein Kriminalkommiss\u00e4r B\u00e4rlach<\/a> ein. Nun neben diesem gibt es noch einen Kriminaler, den <a href=\"https:\/\/de.wikipedia.org\/wiki\/Wachtmeister_Studer\" target=\"_blank\" rel=\"noopener\">Wachtmeister Studer<\/a> \u2013 eine Romanfigur von <a href=\"https:\/\/de.wikipedia.org\/wiki\/Friedrich_Glauser\" target=\"_blank\" rel=\"noopener\">Friedrich Glauser<\/a>, die zwischen 1936 und 1941 in insgesamt f\u00fcnf Romanen auf den Spuren des Verbrechens in und um Bern unterwegs war. Auf Glausers Wachtmeister bin ich durchs Fernsehen aufmerksam geworden, denn dort gab es Anfang der 80-er Jahre drei Verfilmungen mit <a href=\"https:\/\/de.wikipedia.org\/wiki\/Hans_Heinz_Moser\" target=\"_blank\" rel=\"noopener\">Hans Heinz Moser<\/a> als Studer, die mir sehr gefallen haben. Aber erst jetzt habe ich begonnen, die Kriminalromane von <em>Friedrich Glauser: Studer ermittelt &#8211; S\u00e4mtliche Kriminalromane in einem Band, Zweitausendeins, Frankfurt am Main 2009<\/em>, zu lesen. Es handelt sich dabei wie bei L\u00e9o Malets Paris des Verbrechens um einen Riesenw\u00e4lzer von rund 1100 Seiten \u2013 beide sind zz. leider vergriffen. Aber nat\u00fcrlich gibt es <a target=\"_blank\" href=\"https:\/\/www.amazon.de\/gp\/search?ie=UTF8&#038;keywords=Friedrich%20Glauser&#038;tag=familiealbin-21&#038;index=aps&#038;linkCode=ur2&#038;camp=1638&#038;creative=6742\" rel=\"noopener\"><strong>Friedrich Glauser<\/strong><\/a><img loading=\"lazy\" src=\"https:\/\/www.assoc-amazon.de\/e\/ir?t=familiealbin-21&#038;l=ur2&#038;o=3\" width=\"1\" height=\"1\" border=\"0\" alt=\"\" style=\"border:none !important; margin:0px !important;\" \/> auch noch in anderen Verlagen.<\/p>\n<p>Begonnen (und zu Ende gelesen) habe ich den ersten Roman, kurz \u201eWachtmeister Studer\u201c genannt. Dieser spielt ca. Mai\/Juni 1932 zwischen Thun und Bern in einem kleinen fiktiven Ort namens Gerzenstein, nach dem Roman 25 km von Bern entfernt, wo Studer wohnt und gew\u00f6hnlich arbeitet. Als reale Vorbilder Gerzensteins dienten mutma\u00dflich die beiden kleinen Gemeinden Gerzensee und Geristein in der N\u00e4he des schweizerischen M\u00fcnsingen, vgl. <a href=\"http:\/\/books.google.de\/books?id=4g35MANaDokC&#038;pg=PA104&#038;lpg=PA104&#038;dq=gerzenstein+schweiz&#038;source=bl&#038;ots=w57FEdNVWd&#038;sig=dPXVWsx2Wvq7-HfjU-2UAY95MyE&#038;hl=de&#038;sa=X&#038;ei=sgL7T4ecItG08QOupLS5Bw&#038;ved=0CFcQ6AEwAQ#v=onepage&#038;q=gerzenstein%20schweiz&#038;f=false\" target=\"_blank\" rel=\"noopener\">Obschl\u00e4ger: Nachwort zu SEM<\/a>, S. 221<\/p>\n<p><iframe loading=\"lazy\" width=\"540\" height=\"280\" frameborder=\"0\" scrolling=\"no\" marginheight=\"0\" marginwidth=\"0\" src=\"https:\/\/maps.google.de\/maps?f=d&amp;source=s_d&amp;saddr=Seminarhotel+Gerzensee,+Dorfstrasse+2,+3115+Gerzensee,+Schweiz&amp;daddr=Bern,+Schweiz&amp;geocode=FUq5ygIdfytzACFOGY6N361MuCnBGhg5z0uORzFOGY6N361MuA%3BFVJezAIdgJhxACl3GzrUwDmORzGaZVcE_l9Vyw&amp;aq=0&amp;oq=bern&amp;sll=46.866999,7.526665&amp;sspn=0.135673,0.264702&amp;hl=de&amp;mra=ls&amp;ie=UTF8&amp;t=h&amp;ll=46.839616,7.543015&amp;spn=0.00822,0.023131&amp;z=15&amp;output=embed\"><\/iframe><br \/><small><a href=\"https:\/\/maps.google.de\/maps?f=d&amp;source=embed&amp;saddr=Seminarhotel+Gerzensee,+Dorfstrasse+2,+3115+Gerzensee,+Schweiz&amp;daddr=Bern,+Schweiz&amp;geocode=FUq5ygIdfytzACFOGY6N361MuCnBGhg5z0uORzFOGY6N361MuA%3BFVJezAIdgJhxACl3GzrUwDmORzGaZVcE_l9Vyw&amp;aq=0&amp;oq=bern&amp;sll=46.866999,7.526665&amp;sspn=0.135673,0.264702&amp;hl=de&amp;mra=ls&amp;ie=UTF8&amp;t=h&amp;ll=46.839616,7.543015&amp;spn=0.00822,0.023131&amp;z=15\" style=\"color:#0000FF;text-align:left\">Gr\u00f6\u00dfere Kartenansicht<\/a><\/small><br \/>\nGerzensee (gut 20 km von Bern entfernt) \u2013 Vorbild f\u00fcr Gerzenstein<\/p>\n<p>Wir erfahren zun\u00e4chst, dass Wachtmeister Studer vor einiger Zeit in Ungnade gefallen ist \u2013 \u00e4hnlich wie sein Autor, der zeitlebens unangepasst war (<em>\u201e1917 trat er<\/em> [Friedrich Glauser] <em>in Kontakt mit K\u00fcnstlern, Dichtern und Musikern der Dada-Bewegung. 1918 wurde er entm\u00fcndigt wegen \u00abliederlichem und ausschweifendem Lebenswandel\u00bb, sprich: Drogenkonsum, Geldschulden und Konkubinat. Er wurde in der Folge immer wieder in Kliniken und Anstalten interniert, brach aus, wurde erneut gefasst, machte Entziehungskuren, wurde wieder r\u00fcckf\u00e4llig, unternahm Suizidversuche. 1921 floh er zu seinem Vater nach Mannheim, der ihm die Aufnahme in die Fremdenlegion vermittelte.\u201c<\/em> Quelle: <a href=\"https:\/\/de.wikipedia.org\/wiki\/Friedrich_Glauser\" target=\"_blank\" rel=\"noopener\">de.wikipedia.org<\/a>).<\/p>\n<p><em>\u201eDamals war ich Kommiss\u00e4r bei der Stadtpolizei<\/em>\u2026 [&#8230;] \u2026 <em>Nach der Bankaff\u00e4re bin ich in Ungnade gefallen und hab&#8216; wieder von unten anfangen m\u00fcssen\u2026 Das gibt es\u2026\u201c<\/em> (S. 25) Au\u00dferdem erinnert Studer <em>\u201ean Leute, die keiner Partei angeh\u00f6ren, und es deswegen zu nichts gebracht haben\u2026\u201c<\/em> (S. 46)<\/p>\n<ul><img src=\"http:\/\/ecx.images-amazon.com\/images\/I\/417RGf0ieqL._SL500_AA300_.jpg\" alt=\"Friedrich Glauser: Studer ermittelt (Zweitausendeins)\" title=\"Friedrich Glauser: Studer ermittelt (Zweitausendeins)\" \/><\/ul>\n<p>Der \u201eFahnderwachtmeister von der Berner Kantonspolizei\u201c erscheint als ein \u00e4lterer, eher unscheinbarer und zudem etwas rundlicher Mann mit Schnurrbart und einer <a href=\"https:\/\/de.wikipedia.org\/wiki\/Virginiazigarre\" target=\"_blank\" rel=\"noopener\">Brissago<\/a> im Mund, einer langen, d\u00fcnnen Zigarre mit Mundst\u00fcck. Er ist ein fr\u00fcher herausragender Vertreter jenes Typus des unkonventionellen Ermittlers, der sich oft auf sein Bauchgef\u00fchl verl\u00e4sst und dessen Interesse insbesondere seinen Mitmenschen gilt. Glauser selbst gab an, dass Georges Simenon, der Sch\u00f6pfer des Maigret, sein \u201eLehrmeister\u201c gewesen sei. (Quelle: <a href=\"https:\/\/de.wikipedia.org\/wiki\/Wachtmeister_Studer\" target=\"_blank\" rel=\"noopener\">de.wikipedia.org<\/a>)<\/p>\n<p><em>\u201e &#8230; es kommt ein Fahnderwachtmeister dazu,<\/em> [&#8230;] <em>dann kann es geschehen, da\u00df alle die kleinen Unregelm\u00e4\u00dfigkeiten, die im Leben jedes Menschen vorhanden sind, pl\u00f6tzlich wichtig werden; man arbeitet dann mit ihnen, wie ein Maurer mit Backsteinen \u2013 um ein Geb\u00e4ude aufzurichten\u2026\u201c<\/em> (S. 53) \u2013 <em>\u201eIch brauch&#8216; weniger die Tatsachen als die Luft, in der die Leute gelebt haben\u2026 Verstehst? So die kleinen S\u00e4cheli, auf die niemand achtgibt und die dann eigentlich den ganzen Fall erhellen\u2026\u201c<\/em> (S. 72)<\/p>\n<p>Ein H\u00e4ndler in dem kleinen Ort wurde in einem Waldst\u00fcck ermordet. Und den T\u00e4ter hat man auch gleich parat. Ein Zuchth\u00e4usler, der Arbeit in einer G\u00e4rtnerei gefunden hat. Studer kann gerade noch verhindert, dass dieser sich in seiner Zelle erh\u00e4ngt. Als der Verdacht laut wird, dass der H\u00e4ndler eventuell Selbstmord begangen hat, um f\u00fcr seine Familie eine Lebensversicherungspr\u00e4mie zu erschleichen, ist da wieder der Zuchth\u00e4usler, der nun die Tat gesteht. Alles ist also ziemlich verzwickt und spielt zudem in einem kleinen Ort, in dem die Menschen nach etwas anderen Regeln ticken als in der Stadt. Am Schluss ist alles dann nat\u00fcrlich ganz anders, ohne das die Logik verbogen wird. Im Gegenteil: Erst die L\u00f6sung l\u00e4sst den Fall im rechten Licht leuchten.<\/p>\n<p>Wachtmeister Studer ist ein durch und durch menschlicher Typ ohne jegliche All\u00fcren. Die F\u00e4lle haben viel Lokalkolorit, lassen sich aber auch f\u00fcr Nichtschweizer ohne sprachliche Probleme lesen. Friedrich Glauser gilt als einer der ersten deutschsprachigen Krimiautoren. Mit dem Fahnderwachtmeister von der Berner Kantonspolizei ist ihm ein einmalig sympathischer Antiheld gelungen.<\/p>\n<p>Interessant sind sicherlich auch die <a href=\"http:\/\/www.mordsspaziergaenge.ch\/\" target=\"_blank\" rel=\"noopener\">Mordsspazierg\u00e4nge<\/a> \u2013 Kriminalliterarische Wanderungen im Kanton Bern (u.a. als Buch <a href=\"https:\/\/www.amazon.de\/gp\/product\/3858692298\/ref=as_li_tf_tl?ie=UTF8&#038;camp=1638&#038;creative=6742&#038;creativeASIN=3858692298&#038;linkCode=as2&#038;tag=familiealbin-21\" target=\"_blank\" rel=\"noopener\">Mordsspazierg\u00e4nge &#8211; mit 1 Audio-CD<\/a><img loading=\"lazy\" src=\"https:\/\/www.assoc-amazon.de\/e\/ir?t=familiealbin-21&#038;l=as2&#038;o=3&#038;a=3858692298\" width=\"1\" height=\"1\" border=\"0\" alt=\"\" style=\"border:none !important; margin:0px !important;\" \/>), in der u.a. zwei Studer-Krimis abgehandelt werden.<\/p>\n<p>Am 1. Januar 2009 verfiel die Regelschutzfrist der Werke Glausers. Daraufhin ver\u00f6ffentlichte das Projekt Gutenberg-DE mehrere seiner Kriminalf\u00e4lle online, hier der von mir gelesene Kriminalroman:<\/p>\n<p><a href=\"https:\/\/projekt-gutenberg.org\/authors\/friedrich-glauser\/books\/wachtmeister-studer\/\" target=\"_blank\" rel=\"noopener\"><strong>Friedrich Glauser: Wachtmeister Studer<\/strong><\/a><\/p>\n<p>siehe auch: <a href=\"https:\/\/www.willizblog.de\/?p=5977\" target=\"_blank\" rel=\"noopener\">Martin Sch\u00fcller: Tod in Garmisch (Oberbayern Krimi)<\/a><\/p>\n","protected":false},"excerpt":{"rendered":"<p>Sommerzeit ist f\u00fcr mich nicht nur Lesezeit, sondern meist auch speziell Krimilesezeit. F\u00fcr die warmen Tage eben leichte literarische Kost; zz. lese ich endlich den Riesenw\u00e4lzer von L\u00e9o Malet: Paris des Verbrechens, die Kriminalromane um den Privatdetektiven Nestor Burma, zu Ende. Neben Kommissar Maigret von Georges Simenon ist Malets Nestor Burma die in Frankreich bekannteste &hellip; <a href=\"https:\/\/willizblog.de\/?p=6172\" class=\"more-link\"><span class=\"screen-reader-text\">Friedrich Glauser: Studer ermittelt<\/span> weiterlesen <span class=\"meta-nav\">&rarr;<\/span><\/a><\/p>\n","protected":false},"author":1,"featured_media":0,"comment_status":"open","ping_status":"open","sticky":false,"template":"","format":"standard","meta":[],"categories":[3],"tags":[],"_links":{"self":[{"href":"https:\/\/willizblog.de\/index.php?rest_route=\/wp\/v2\/posts\/6172"}],"collection":[{"href":"https:\/\/willizblog.de\/index.php?rest_route=\/wp\/v2\/posts"}],"about":[{"href":"https:\/\/willizblog.de\/index.php?rest_route=\/wp\/v2\/types\/post"}],"author":[{"embeddable":true,"href":"https:\/\/willizblog.de\/index.php?rest_route=\/wp\/v2\/users\/1"}],"replies":[{"embeddable":true,"href":"https:\/\/willizblog.de\/index.php?rest_route=%2Fwp%2Fv2%2Fcomments&post=6172"}],"version-history":[{"count":2,"href":"https:\/\/willizblog.de\/index.php?rest_route=\/wp\/v2\/posts\/6172\/revisions"}],"predecessor-version":[{"id":12140,"href":"https:\/\/willizblog.de\/index.php?rest_route=\/wp\/v2\/posts\/6172\/revisions\/12140"}],"wp:attachment":[{"href":"https:\/\/willizblog.de\/index.php?rest_route=%2Fwp%2Fv2%2Fmedia&parent=6172"}],"wp:term":[{"taxonomy":"category","embeddable":true,"href":"https:\/\/willizblog.de\/index.php?rest_route=%2Fwp%2Fv2%2Fcategories&post=6172"},{"taxonomy":"post_tag","embeddable":true,"href":"https:\/\/willizblog.de\/index.php?rest_route=%2Fwp%2Fv2%2Ftags&post=6172"}],"curies":[{"name":"wp","href":"https:\/\/api.w.org\/{rel}","templated":true}]}}