{"id":6175,"date":"2012-07-12T10:21:43","date_gmt":"2012-07-12T08:21:43","guid":{"rendered":"http:\/\/www.willizblog.de\/?p=6175"},"modified":"2012-07-12T10:25:23","modified_gmt":"2012-07-12T08:25:23","slug":"der-umbruch-beim-sv-werder","status":"publish","type":"post","link":"https:\/\/willizblog.de\/?p=6175","title":{"rendered":"Der Umbruch beim SV Werder"},"content":{"rendered":"<p>Der schrittweise Umbruch beim Fu\u00dfballbundesligisten SV Werder Bremen geht am Anfang der Saison 2012\/2013 in die n\u00e4chste und wahrscheinlich entscheidende Phase. Nachdem die Mannschaft sich zum 2. Mal in Folge f\u00fcr keinen europ\u00e4ischen Wettbewerb, weder die Champions League noch die Europa League, qualifizieren konnte, musste der bisherige Kader schon allein aus finanziellen Gr\u00fcnden geschrumpft werden. Zum Saisonwechsel haben somit bisherige Stammspieler wie Tim Wiese, Marko Marin und Claudio Pizarro sowie weitere Spieler wie Sebastian Boenisch, Markus Rosenberg, Tim Borowski und Mika\u00ebl Silvestre den Verein verlassen bzw. verlassen m\u00fcssen. Daf\u00fcr hat man nun Anwehrspieler Sokratis endg\u00fcltig verpflichtet und den Mittelst\u00fcrmer Nils Petersen von den Bayern ausgeliehen. F\u00fcr die Abwehr wurden mit Theodor Gebre Selassie und Assani Lukimya-Mulongoti weitere Spieler verpflichtet. Erst in diesem Tagen wurde Eljero Elia wohl f\u00fcr die linke Au\u00dfenbahn von Juventus Turin an die Weser geholt. Allein offen ist wohl nur noch der Wechsel des jungen Nachwuchsspielers Hakan Calhanoglu vom Zweitliga-Absteiger Karlsruher SC.<\/p>\n<p><img src=\"https:\/\/www.willizblog.de\/blogpicts\/werder_sinking_ship.jpg\" alt=\"SV Werder Bremen: Umbruch oder Schiffbruch?\" title=\"SV Werder Bremen: Umbruch oder Schiffbruch?\" \/><\/p>\n<p>Also viele neue Gesichter erwarten den Zuschauer im Weser-Station. Im Tor d\u00fcrfte jetzt Sebastian Mielitz mit der Nummer eins stehen. Neben ihm stehen der junge \u00d6sterreicher Richard Strebinger und der bisher in \u00d6sterreich spielende Raphael Wolf als Ersatztorh\u00fcter bereit. Mit Christian Vander ist das nach meiner Meinung vielleicht ein Torh\u00fcter zu viel.<\/p>\n<p>Auch in der Innenverteidigung gibt es ein Gedr\u00e4nge: Neben Naldo und Sokratis streben der aus D\u00fcsseldorf kommende Lukimya-Mulongoti, Sebastian Pr\u00f6dl und Francois Affolter auf die Stammpl\u00e4tze. In der linken Verteidigung bekommt Lukas Schmitz durch den jungen Florian Hartherz und jetzt auch durch den noch j\u00fcngeren Cimo R\u00f6cker, immerhin mit der U-17-Nationalmannschaft Dritter der Weltmeisterschaft 2011 und Zweiter bei der Europameisterschaft 2011, Konkurrenz. Auf rechts steht neben dem Mannschaftskapit\u00e4n Clemens Fritz, der mit Abstand \u00e4lteste Stammspieler Werders, die tschechische Neuverpflichtung Theodor Gebre Selassie zur Verf\u00fcgung.<\/p>\n<p>Im Mittelfeld d\u00fcrfte sich auch einiges tummeln. Philipp Bargfrede d\u00fcrfte weiterhin f\u00fcr den defensiven Part zust\u00e4ndig sein, Aaron Hunt und Florian Trinks f\u00fcr die Offensive. Und endlich ist zu hoffen, dass Mehmet Ekici die Kurve bekommt und zu dem wird, was alle von ihm erwarten: Regisseur des Werder-Spiels. Daneben bieten sich nat\u00fcrlich viele andere Spieler f\u00fcrs Mittelfeld an: Aleksandar Ignjovski, Tom Trybull, Aleksandar Stevanovic, Zlatko Junuzovic, Felix Kroos, Predrag Stevanovic usw.<\/p>\n<p>In der Offensive gibt es dann neben Marko Arnautovic (rechte Au\u00dfenbahn) jetzt Eljero Elia auf Linksau\u00dfen und Nils Petersen in der Mitte (wo weiterhin auch Denni Avdic und Niclas F\u00fcllkrug bereitstehen). Sandro Wagner, der nach Kaiserslautern ausgeliehen war, gilt wohl als ausgemustert.<\/p>\n<p>Kader-\u00dcbersicht des <strong>SV Werder Bremen<\/strong> siehe <a href=\"http:\/\/www.transfermarkt.de\/de\/sv-werder-bremen\/startseite\/verein_86.html\" target=\"_blank\">transfermarkt.de<\/a><\/p>\n<p>Viele neue, noch mehr junge Gesichter. Man mag noch gar nicht einsch\u00e4tzen, wie das gehen wird. Mit Elia, Werders teuerstem Transfer in dieser Saison, hat man sich wohl ein <a href=\"http:\/\/www.transfermarkt.de\/de\/werder-kauft-wieder-riskant-ein-elia-gilt-als-problemprofi-\/news\/anzeigen_95876.html\" target=\"_blank\">weiteres Problemkind<\/a> an Bord des Werder-Schiffs geholt. Mehr als die Halbierung seines Marktwertes (von einmal 12,5 auf jetzt 5 Millionen Euro) innerhalb eines Jahres spricht B\u00e4nde. Er und Arnautovic m\u00fcssen sich ja noch vom FC Twente Enschede kennen. Vielleicht schaffen sie es, Nils Petersen mit den n\u00f6tigen Flanken zu bedienen. Die Au\u00dfenbahnen verlangen schon etwas Laufarbeit. Also Jungs, nehmt eure F\u00fc\u00dfe in die Hand und zeigt, was ihr k\u00f6nnt.<\/p>\n<p>In der Abwehr ist Werder mit Naldo und Sokratis in der Mitte durchaus gut besetzt. Mielitz war bereits zu Zeiten von Tim Wiese ein guter Ersatz und d\u00fcrfte die Bef\u00f6rderung zur neuen Numero eins verdient haben. Bei den Au\u00dfen bin ich mir nicht ganz so sicher. Immerhin gibt es mit Gebre Selassie eine gute Alternative.<\/p>\n<p>Das Mittelfeld bietet viel Platz zum Experimentieren \u2013 weiterhin &#8230; muss ich schreiben. Da gibt es zwar jede Menge Talente. Aber die warten fast alle noch auf ihren Durchbruch. An einem guten Tag ist alles m\u00f6glich. Aaron Hunt in Spiellaune, Ekici mit den geschickten P\u00e4ssen nach vorn. Leider lie\u00dfen sich solche Tage in der letzten Saison nur wenige z\u00e4hlen.<\/p>\n<p>Der Kader von Werder Bremen steht also (fast). Manager Klaus Allofs hat mehr Geld in die Hand nehmen d\u00fcrfen als erwartet. Jetzt gilt es, aus dem Haufen eine Mannschaft zu formen. Thomas Schaaf: An die Arbeit! Wer mehr Geld investiert als er durch Spielerverk\u00e4ufe einnimmt, sollte h\u00f6here Ziele vor Augen haben. Und das kann nur Europa-Pokal-Wettbewerbe hei\u00dfen. Fast alle Spieler sind f\u00fcr mindestens die n\u00e4chsten beiden Jahre an Werder vertraglich gebunden. Auch das sieht nach \u201aPerspektive\u2019 aus. Der Umbruch ist also so gut wie vollzogen. Jetzt m\u00fcssen Taten folgen. Ich bin gespannt &#8230;!!!<\/p>\n<p>Bis zum Freitag, den 24. August, 20 Uhr 30, ist noch etwas Zeit. Dann kommt es aber auch gleich kn\u00fcppeldick: Der Deutsche Meister, Borussia Dortmund, empf\u00e4ngt zum Saisonauftakt die Werderaner. Mehr als untergehen kann man nicht im ehemaligen <a href=\"https:\/\/de.wikipedia.org\/wiki\/Signal_Iduna_Park\" target=\"_blank\">Westfalenstadion<\/a>.<\/p>\n","protected":false},"excerpt":{"rendered":"<p>Der schrittweise Umbruch beim Fu\u00dfballbundesligisten SV Werder Bremen geht am Anfang der Saison 2012\/2013 in die n\u00e4chste und wahrscheinlich entscheidende Phase. Nachdem die Mannschaft sich zum 2. Mal in Folge f\u00fcr keinen europ\u00e4ischen Wettbewerb, weder die Champions League noch die Europa League, qualifizieren konnte, musste der bisherige Kader schon allein aus finanziellen Gr\u00fcnden geschrumpft werden. &hellip; <a href=\"https:\/\/willizblog.de\/?p=6175\" class=\"more-link\"><span class=\"screen-reader-text\">Der Umbruch beim SV Werder<\/span> weiterlesen <span class=\"meta-nav\">&rarr;<\/span><\/a><\/p>\n","protected":false},"author":1,"featured_media":0,"comment_status":"open","ping_status":"open","sticky":false,"template":"","format":"standard","meta":[],"categories":[27],"tags":[],"_links":{"self":[{"href":"https:\/\/willizblog.de\/index.php?rest_route=\/wp\/v2\/posts\/6175"}],"collection":[{"href":"https:\/\/willizblog.de\/index.php?rest_route=\/wp\/v2\/posts"}],"about":[{"href":"https:\/\/willizblog.de\/index.php?rest_route=\/wp\/v2\/types\/post"}],"author":[{"embeddable":true,"href":"https:\/\/willizblog.de\/index.php?rest_route=\/wp\/v2\/users\/1"}],"replies":[{"embeddable":true,"href":"https:\/\/willizblog.de\/index.php?rest_route=%2Fwp%2Fv2%2Fcomments&post=6175"}],"version-history":[{"count":0,"href":"https:\/\/willizblog.de\/index.php?rest_route=\/wp\/v2\/posts\/6175\/revisions"}],"wp:attachment":[{"href":"https:\/\/willizblog.de\/index.php?rest_route=%2Fwp%2Fv2%2Fmedia&parent=6175"}],"wp:term":[{"taxonomy":"category","embeddable":true,"href":"https:\/\/willizblog.de\/index.php?rest_route=%2Fwp%2Fv2%2Fcategories&post=6175"},{"taxonomy":"post_tag","embeddable":true,"href":"https:\/\/willizblog.de\/index.php?rest_route=%2Fwp%2Fv2%2Ftags&post=6175"}],"curies":[{"name":"wp","href":"https:\/\/api.w.org\/{rel}","templated":true}]}}