{"id":618,"date":"2006-10-03T00:13:56","date_gmt":"2006-10-02T22:13:56","guid":{"rendered":"http:\/\/www.albinz.de\/blog\/?p=618"},"modified":"2006-10-01T17:16:19","modified_gmt":"2006-10-01T15:16:19","slug":"spates-bluhen","status":"publish","type":"post","link":"https:\/\/willizblog.de\/?p=618","title":{"rendered":"Sp\u00e4tes Bl\u00fchen"},"content":{"rendered":"<p>Es hat etwas gedauert, bis unser kleiner Trompetenbaum die ersten Bl\u00fcten bekam. Daf\u00fcr bl\u00fcht er jetzt in voller Pracht. \u00dcberhaupt steht der Garten noch in voller Bl\u00fcte. Man k\u00f6nnte denken, es w\u00e4re Fr\u00fchling. Aber die weiteren Wetteraussichten k\u00fcndigen uns nun doch niedrigere Temperaturen und Regen an. Der Einzug des Herbstes l\u00e4sst sich nicht weiter aufhalten.<\/p>\n<p><img src=\"https:\/\/www.albinz.net\/images\/trompetenbaumblueten.jpg\" alt=\"Bl\u00fcten des Trompetenbaums\" \/><\/p>\n","protected":false},"excerpt":{"rendered":"<p>Es hat etwas gedauert, bis unser kleiner Trompetenbaum die ersten Bl\u00fcten bekam. Daf\u00fcr bl\u00fcht er jetzt in voller Pracht. \u00dcberhaupt steht der Garten noch in voller Bl\u00fcte. Man k\u00f6nnte denken, es w\u00e4re Fr\u00fchling. Aber die weiteren Wetteraussichten k\u00fcndigen uns nun doch niedrigere Temperaturen und Regen an. Der Einzug des Herbstes l\u00e4sst sich nicht weiter aufhalten.<\/p>\n","protected":false},"author":1,"featured_media":0,"comment_status":"closed","ping_status":"closed","sticky":false,"template":"","format":"standard","meta":[],"categories":[16],"tags":[],"_links":{"self":[{"href":"https:\/\/willizblog.de\/index.php?rest_route=\/wp\/v2\/posts\/618"}],"collection":[{"href":"https:\/\/willizblog.de\/index.php?rest_route=\/wp\/v2\/posts"}],"about":[{"href":"https:\/\/willizblog.de\/index.php?rest_route=\/wp\/v2\/types\/post"}],"author":[{"embeddable":true,"href":"https:\/\/willizblog.de\/index.php?rest_route=\/wp\/v2\/users\/1"}],"replies":[{"embeddable":true,"href":"https:\/\/willizblog.de\/index.php?rest_route=%2Fwp%2Fv2%2Fcomments&post=618"}],"version-history":[{"count":0,"href":"https:\/\/willizblog.de\/index.php?rest_route=\/wp\/v2\/posts\/618\/revisions"}],"wp:attachment":[{"href":"https:\/\/willizblog.de\/index.php?rest_route=%2Fwp%2Fv2%2Fmedia&parent=618"}],"wp:term":[{"taxonomy":"category","embeddable":true,"href":"https:\/\/willizblog.de\/index.php?rest_route=%2Fwp%2Fv2%2Fcategories&post=618"},{"taxonomy":"post_tag","embeddable":true,"href":"https:\/\/willizblog.de\/index.php?rest_route=%2Fwp%2Fv2%2Ftags&post=618"}],"curies":[{"name":"wp","href":"https:\/\/api.w.org\/{rel}","templated":true}]}}