{"id":6190,"date":"2012-07-19T11:56:29","date_gmt":"2012-07-19T09:56:29","guid":{"rendered":"http:\/\/www.willizblog.de\/?p=6190"},"modified":"2012-07-19T11:56:29","modified_gmt":"2012-07-19T09:56:29","slug":"burokratie-vor-betreuung","status":"publish","type":"post","link":"https:\/\/willizblog.de\/?p=6190","title":{"rendered":"B\u00fcrokratie vor Betreuung"},"content":{"rendered":"<p>Weil es weiterhin an Kita-Pl\u00e4tzen fehlt, sind <a href=\"http:\/\/www.heute.de\/ZDF\/zdfportal\/web\/heute-Nachrichten\/4672\/23422294\/899b49\/Was-eine-Tagesmutter-wert-ist.html\" target=\"_blank\">Tagesm\u00fctter (und Tagesv\u00e4ter)<\/a> gefragt. So wurden im letzten Jahr rund 124.000 Kinder im Rahmen der <a href=\"https:\/\/de.wikipedia.org\/wiki\/Kindertagespflege\" target=\"_blank\">Kindertagespflege<\/a> betreut. Besonders f\u00fcr Kinder unter drei Jahre werden Tagesm\u00fctter gesucht, da es hier weiterhin gro\u00dfe Engp\u00e4sse bei Kitas (Kindertagesst\u00e4tten) gibt. Nach dem Sozialgesetzbuch VIII ist diese Betreuungsform im familiennahen Umfeld \u00fcbrigens gleichrangig mit der Betreuung in einer anderen Kindertageseinrichtung.<\/p>\n<ul><img src=\"https:\/\/www.willizblog.de\/images\/tagesmuetter.gif\" alt=\"Tagesm\u00fctter und Tagesv\u00e4ter\" title=\"Tagesm\u00fctter und Tagesv\u00e4ter\" \/><\/ul>\n<p>Wer nun glaubt, der Staat und besonders Br\u00fcssel unterst\u00fctze die Tagesm\u00fctter und \u2013v\u00e4ter, muss sich get\u00e4uscht sehen. Immer mehr b\u00fcrokratische H\u00fcrden werden aufgestellt, \u00fcber die die Kindertagespflege f\u00fcr die Hunde geht.<\/p>\n<p>Begonnen hat das bereits zu Zeiten der gro\u00dfen Koalition als der damalige Bundesfinanzminister, <a href=\"https:\/\/de.wikipedia.org\/wiki\/Peer_Steinbr%C3%BCck\" target=\"_blank\">Peer Steinbr\u00fcck<\/a>, meinte, die bisher einkommensteuerfreie Kosten\u00fcbernahme der Kommunen f\u00fcr die Tagespflege, die als Aufwandsentsch\u00e4digung gezahlt wurde, zur Einkommensteuer heranzuziehen.<\/p>\n<p>Daneben sind Tagesm\u00fctter und \u2013v\u00e4ter sozialversicherungspflichtig. Wer nicht gerade unter 365 \u20ac im Monat (nach Abzug der Betriebskosten) Einnahmen hat und beim Ehegatten familienversichert ist, darf sich so u.a. auch noch krankenversichern (gilt nach meinem Wissen allerdings nur f\u00fcr eine \u00dcbergangszeit bis zum 31. Dezember 2013).<\/p>\n<p>Seit 1. Januar 2012 gilt zudem eine EU-Richtlinie, die Tagesm\u00fcttern strenge Hygieneregeln auferlegt. Das geht soweit, dass im zeitlichen Abstand die K\u00fchlschranktemperatur zu messen ist. Welchen Sinn das macht, sollte man die B\u00fcrokraten in Br\u00fcssel fragen. Das Land Niedersachsen hat sich bisher gestr\u00e4ubt, diese Richtlinie umzusetzen.<\/p>\n<p>Und was ist nun der Dank und Lohn? F\u00fcr jedes Kind bekommt die Tagesmutter 3 \u20ac pro Stunde. Es d\u00fcrfen maximal f\u00fcnf Kinder betreut werden. So \u201averdient\u2019 eine Tagesmutter also maximal 15 \u20ac die Stunde. Die Betriebskosten, also der Sachaufwand f\u00fcr Spielzeug, B\u00fccher, zus\u00e4tzliche Heizkosten, zus\u00e4tzliche Haftpflichtversicherung und Lehrg\u00e4nge\u2013 und nat\u00fcrlich die angesprochenen Sozialabgaben und Steuern m\u00fcssen von diesen Einnahmen bestritten werden. Aber welche verantwortungsvolle Tagesmutter hat schon f\u00fcnf Kinder?<\/p>\n<p>Und seit einigen Tagen gibt es nun auch noch ein <a href=\"http:\/\/www.welt.de\/newsticker\/news3\/article108288347\/Tagesmuetter-brauchen-eine-Erlaubnis.html\" target=\"_blank\">Urteil des Bundesgerichthofes<\/a>, nachdem bezahlte Kinderbetreuung in den eigenen vier W\u00e4nden gewerbliche Nutzung entspricht. Daher ben\u00f6tigen Tagesm\u00fctter eine Erlaubnis des Verwalters oder Vermieters, wenn sie die Tagespflege in einer Wohnung aus\u00fcben. Ob der Verwalter oder Vermieter die Genehmigung mit dem Argument verweigern darf, die Kinder seien zu laut, lie\u00df der BGH allerdings aus prozessualen Gr\u00fcnden offen. Eigentlich wurde aus diesem Streitpunkt das Gerichtsverfahren gef\u00fchrt.<\/p>\n<p>Deutschland war und ist weiterhin ein wenig kinderfreundliches Land. Was sich da B\u00fcrokraten in Br\u00fcssel und Berlin \u201azum Wohle der Kinder\u2019 ausdenken, ist haneb\u00fcchen. Die Spitze ist nat\u00fcrlich jetzt dieses Gerichtsurteil, dass Kinderbetreuung als gewerblich einstuft und damit z.B. einer Werkstatt gleichstellt, in der geh\u00e4mmert, gestanzt und gebohrt wird.<\/p>\n<p>siehe auch. <a href=\"http:\/\/www.tagesmuetter-vaeter.de\/\" target=\"_blank\">Tagesm\u00fctter und-v\u00e4ter e.V. des Landkreises Harburg<\/a><\/p>\n","protected":false},"excerpt":{"rendered":"<p>Weil es weiterhin an Kita-Pl\u00e4tzen fehlt, sind Tagesm\u00fctter (und Tagesv\u00e4ter) gefragt. So wurden im letzten Jahr rund 124.000 Kinder im Rahmen der Kindertagespflege betreut. Besonders f\u00fcr Kinder unter drei Jahre werden Tagesm\u00fctter gesucht, da es hier weiterhin gro\u00dfe Engp\u00e4sse bei Kitas (Kindertagesst\u00e4tten) gibt. Nach dem Sozialgesetzbuch VIII ist diese Betreuungsform im familiennahen Umfeld \u00fcbrigens gleichrangig &hellip; <a href=\"https:\/\/willizblog.de\/?p=6190\" class=\"more-link\"><span class=\"screen-reader-text\">B\u00fcrokratie vor Betreuung<\/span> weiterlesen <span class=\"meta-nav\">&rarr;<\/span><\/a><\/p>\n","protected":false},"author":1,"featured_media":0,"comment_status":"open","ping_status":"open","sticky":false,"template":"","format":"standard","meta":[],"categories":[2],"tags":[],"_links":{"self":[{"href":"https:\/\/willizblog.de\/index.php?rest_route=\/wp\/v2\/posts\/6190"}],"collection":[{"href":"https:\/\/willizblog.de\/index.php?rest_route=\/wp\/v2\/posts"}],"about":[{"href":"https:\/\/willizblog.de\/index.php?rest_route=\/wp\/v2\/types\/post"}],"author":[{"embeddable":true,"href":"https:\/\/willizblog.de\/index.php?rest_route=\/wp\/v2\/users\/1"}],"replies":[{"embeddable":true,"href":"https:\/\/willizblog.de\/index.php?rest_route=%2Fwp%2Fv2%2Fcomments&post=6190"}],"version-history":[{"count":0,"href":"https:\/\/willizblog.de\/index.php?rest_route=\/wp\/v2\/posts\/6190\/revisions"}],"wp:attachment":[{"href":"https:\/\/willizblog.de\/index.php?rest_route=%2Fwp%2Fv2%2Fmedia&parent=6190"}],"wp:term":[{"taxonomy":"category","embeddable":true,"href":"https:\/\/willizblog.de\/index.php?rest_route=%2Fwp%2Fv2%2Fcategories&post=6190"},{"taxonomy":"post_tag","embeddable":true,"href":"https:\/\/willizblog.de\/index.php?rest_route=%2Fwp%2Fv2%2Ftags&post=6190"}],"curies":[{"name":"wp","href":"https:\/\/api.w.org\/{rel}","templated":true}]}}