{"id":6221,"date":"2012-07-28T07:53:01","date_gmt":"2012-07-28T05:53:01","guid":{"rendered":"http:\/\/www.willizblog.de\/?p=6221"},"modified":"2012-07-26T13:04:28","modified_gmt":"2012-07-26T11:04:28","slug":"sommerferien-2012-in-der-luneburger-heide","status":"publish","type":"post","link":"https:\/\/willizblog.de\/?p=6221","title":{"rendered":"Sommerferien 2012 in der L\u00fcneburger Heide"},"content":{"rendered":"<p>Bekanntlich muss man nicht in die Ferne schweifen, wenn das Gute so nah ist (gewisserma\u00dfen vor der Haust\u00fcr). Und nicht jedermanns Geldbeutel ist so prall gef\u00fcllt, um gro\u00dfe Reisen zu unternehmen. Herrn Allwardt steht einer kleinen aktiven Gruppe vor, der <em>kommunalen <a href=\"http:\/\/www.agenda21-tostedt.de\/\" target=\"_blank\">Agenda 21<\/a> in der Samtgemeinde Tostedt e.V.<\/em>, die in den vergangenen Jahren sehr viel in der Samtgemeinde Tostedt bewegt hat. Hier wird man nicht nur mit einem <a href=\"http:\/\/www.agenda21-tostedt.de\/vak.htm\" target=\"_blank\">monatlichen Veranstaltungskalender<\/a> versorgt, sondern zus\u00e4tzlich \u00fcber einen Newsletter mit allem wichtigen in und um Tostedt.<\/p>\n<p>In seinem letzten Newsletter versendet Burkhard Allwardt nicht nur viele Sonnengr\u00fc\u00dfe aus  Tostedt, sondern hat f\u00fcr uns die vielf\u00e4ltigen Ferienangebote in unserer Region, der <a href=\"https:\/\/de.wikipedia.org\/wiki\/L%C3%BCneburger_Heide\" target=\"_blank\">L\u00fcneburger Heide<\/a>, zusammengestellt (einige Links waren leider nicht okay, ich habe sie hier berichtigt). Da sollten wir alle viele Anregungen bekommen \u2013 besonders Radtouren bieten sich an:<\/p>\n<ul><a href=\"http:\/\/www.heide-shuttle.de\/\" target=\"_blank\">www.heide-shuttle.de<\/a><br \/>\n<a href=\"http:\/\/www.lueneburger-heide.de\/\" target=\"_blank\">www.lueneburger-heide.de<\/a><br \/>\n<a href=\"http:\/\/www.naturpark-lueneburger-heide.de\/\" target=\"_blank\">www.naturpark-lueneburger-heide.de<\/a><\/ul>\n<p><img src=\"https:\/\/www.willizblog.de\/images\/lueneburger_heide.jpg\" alt=\"L\u00fcneburger Heide\" title=\"L\u00fcneburger Heide\" \/><br \/>\n\u00a9 <a href=\"http:\/\/www.naturpark-lueneburger-heide.de\/\" target=\"_blank\">naturpark-lueneburger-heide.de<\/a><\/p>\n<ul><a href=\"http:\/\/www.tourow.de\/\" target=\"_blank\">www.tourow.de<\/a> (Touristik Rotenburg)<br \/>\n<a href=\"http:\/\/www.wuemme-radweg.de\/\" target=\"_blank\">www.wuemme-radweg.de<\/a><br \/>\n<a href=\"http:\/\/www.radfernweg-hamburg-bremen.de\/\" target=\"_blank\">www.radfernweg-hamburg-bremen.de<\/a><br \/>\n<a href=\"http:\/\/www.muehlenroute.de\/\" target=\"_blank\">www.muehlenroute.de<\/a><br \/>\n<a href=\"http:\/\/www.schneverdingen-touristik.de\/\" target=\"_blank\">www.schneverdingen-touristik.de<\/a><br \/>\n<a href=\"http:\/\/www.ilmenauradweg.de\/\" target=\"_blank\">www.ilmenauradweg.de<\/a><br \/>\n<a href=\"http:\/\/www.regionalpark-rosengarten.de\/\" target=\"_blank\">www.regionalpark-rosengarten.de<\/a><br \/>\n<a href=\"http:\/\/www.metropolregion.hamburg.de\/\" target=\"_blank\">www.metropolregion.hamburg.de<\/a><br \/>\n<a href=\"http:\/\/www.landpark.de\/\" target=\"_blank\">www.landpark.de<\/a> (Lauenbr\u00fcck)<\/ul>\n<p>Unter all diesen Websites finden wir ein sehr reichhaltiges Angebot von Veranstaltungen, Sehensw\u00fcrdigkeiten und Erlebnisst\u00e4tten. <em>Danke, Herr Allwart!<\/em> \u00dcbrigens: Die Informationen, die wir hier finden, gelten nat\u00fcrlich nicht nur f\u00fcr \u201aEinheimische\u2019, sondern insbesondere auch f\u00fcr alle Reisenden, die uns in der \u201aNord-Heide\u2019 besuchen kommen.<\/p>\n","protected":false},"excerpt":{"rendered":"<p>Bekanntlich muss man nicht in die Ferne schweifen, wenn das Gute so nah ist (gewisserma\u00dfen vor der Haust\u00fcr). Und nicht jedermanns Geldbeutel ist so prall gef\u00fcllt, um gro\u00dfe Reisen zu unternehmen. Herrn Allwardt steht einer kleinen aktiven Gruppe vor, der kommunalen Agenda 21 in der Samtgemeinde Tostedt e.V., die in den vergangenen Jahren sehr viel &hellip; <a href=\"https:\/\/willizblog.de\/?p=6221\" class=\"more-link\"><span class=\"screen-reader-text\">Sommerferien 2012 in der L\u00fcneburger Heide<\/span> weiterlesen <span class=\"meta-nav\">&rarr;<\/span><\/a><\/p>\n","protected":false},"author":1,"featured_media":0,"comment_status":"open","ping_status":"open","sticky":false,"template":"","format":"standard","meta":[],"categories":[10,11],"tags":[],"_links":{"self":[{"href":"https:\/\/willizblog.de\/index.php?rest_route=\/wp\/v2\/posts\/6221"}],"collection":[{"href":"https:\/\/willizblog.de\/index.php?rest_route=\/wp\/v2\/posts"}],"about":[{"href":"https:\/\/willizblog.de\/index.php?rest_route=\/wp\/v2\/types\/post"}],"author":[{"embeddable":true,"href":"https:\/\/willizblog.de\/index.php?rest_route=\/wp\/v2\/users\/1"}],"replies":[{"embeddable":true,"href":"https:\/\/willizblog.de\/index.php?rest_route=%2Fwp%2Fv2%2Fcomments&post=6221"}],"version-history":[{"count":0,"href":"https:\/\/willizblog.de\/index.php?rest_route=\/wp\/v2\/posts\/6221\/revisions"}],"wp:attachment":[{"href":"https:\/\/willizblog.de\/index.php?rest_route=%2Fwp%2Fv2%2Fmedia&parent=6221"}],"wp:term":[{"taxonomy":"category","embeddable":true,"href":"https:\/\/willizblog.de\/index.php?rest_route=%2Fwp%2Fv2%2Fcategories&post=6221"},{"taxonomy":"post_tag","embeddable":true,"href":"https:\/\/willizblog.de\/index.php?rest_route=%2Fwp%2Fv2%2Ftags&post=6221"}],"curies":[{"name":"wp","href":"https:\/\/api.w.org\/{rel}","templated":true}]}}