{"id":623,"date":"2006-10-14T00:30:20","date_gmt":"2006-10-13T22:30:20","guid":{"rendered":"http:\/\/www.albinz.de\/blog\/?p=623"},"modified":"2006-10-07T16:24:32","modified_gmt":"2006-10-07T14:24:32","slug":"herbstzeit-kurbiszeit","status":"publish","type":"post","link":"https:\/\/willizblog.de\/?p=623","title":{"rendered":"Herbstzeit &#8211; K\u00fcrbiszeit"},"content":{"rendered":"<p>Auch in diesem Jahr hatten wir Zierk\u00fcrbisse ausges\u00e4t. Hier nun der Ertrag unserer Ernte. K\u00fcrbisse geh\u00f6ren f\u00fcr uns einfach zur Herbstzeit wie das von den B\u00e4umen fallende Laub.<\/p>\n<p><img src=\"https:\/\/www.albinz.net\/images\/kuerbisse2006.jpg\" alt=\"K\u00fcrbisernte 2006\" \/><\/p>\n","protected":false},"excerpt":{"rendered":"<p>Auch in diesem Jahr hatten wir Zierk\u00fcrbisse ausges\u00e4t. Hier nun der Ertrag unserer Ernte. K\u00fcrbisse geh\u00f6ren f\u00fcr uns einfach zur Herbstzeit wie das von den B\u00e4umen fallende Laub.<\/p>\n","protected":false},"author":1,"featured_media":0,"comment_status":"closed","ping_status":"closed","sticky":false,"template":"","format":"standard","meta":[],"categories":[16],"tags":[],"_links":{"self":[{"href":"https:\/\/willizblog.de\/index.php?rest_route=\/wp\/v2\/posts\/623"}],"collection":[{"href":"https:\/\/willizblog.de\/index.php?rest_route=\/wp\/v2\/posts"}],"about":[{"href":"https:\/\/willizblog.de\/index.php?rest_route=\/wp\/v2\/types\/post"}],"author":[{"embeddable":true,"href":"https:\/\/willizblog.de\/index.php?rest_route=\/wp\/v2\/users\/1"}],"replies":[{"embeddable":true,"href":"https:\/\/willizblog.de\/index.php?rest_route=%2Fwp%2Fv2%2Fcomments&post=623"}],"version-history":[{"count":0,"href":"https:\/\/willizblog.de\/index.php?rest_route=\/wp\/v2\/posts\/623\/revisions"}],"wp:attachment":[{"href":"https:\/\/willizblog.de\/index.php?rest_route=%2Fwp%2Fv2%2Fmedia&parent=623"}],"wp:term":[{"taxonomy":"category","embeddable":true,"href":"https:\/\/willizblog.de\/index.php?rest_route=%2Fwp%2Fv2%2Fcategories&post=623"},{"taxonomy":"post_tag","embeddable":true,"href":"https:\/\/willizblog.de\/index.php?rest_route=%2Fwp%2Fv2%2Ftags&post=623"}],"curies":[{"name":"wp","href":"https:\/\/api.w.org\/{rel}","templated":true}]}}