{"id":624,"date":"2006-10-07T00:01:01","date_gmt":"2006-10-06T22:01:01","guid":{"rendered":"http:\/\/www.albinz.de\/blog\/?p=624"},"modified":"2006-10-02T14:08:29","modified_gmt":"2006-10-02T12:08:29","slug":"was-ist-blos-mit-ian-los-teil-14-was-fur-ein-kerl","status":"publish","type":"post","link":"https:\/\/willizblog.de\/?p=624","title":{"rendered":"Was ist blo\u00df mit Ian los? Teil 14: Was f\u00fcr ein Kerl"},"content":{"rendered":"<p><em>Hallo Wilfried,<\/em><\/p>\n<p><em>dass mit dem Internet-Explorer war der entscheidende Hinweis ! Damit funktioniert alles ! Ich werde Deine Seiten zuk\u00fcnftig nur noch damit besuchen.<\/em><\/p>\n<p><em>Auf die Konvertierung von CD auf MP3 bin ich gespannt. Das er\u00f6ffnet ganz neue Perspektiven im Musik-Transfer.<\/em><\/p>\n<p><em>Branduardi hat genau wie Mr. Anderson Schlupflider und eine ausgepr\u00e4gte Nase. Aber das ist sicher Zufall. Ich denke nicht, dass das der Grund daf\u00fcr sein wird, warum ich von beiden Herren Platten im Schrank habe.<\/em><\/p>\n<p><em>Die Flodders sind das niederl\u00e4ndische Pendant zu den Nachbarn, die seinerzeit den Neubau neben Euch bezogen haben. Die so herrlich bierselig im Garten gr\u00f6len. Ich wei\u00df nicht, ob man in Norddeutschland den mundartlichen Begriff &#8218;Krau&#8216; kennt. Jedenfalls sind die Flodders Archetypen dieser Daseinsform.<\/em><\/p>\n<p><em>John Evan. Das mit Abstand auff\u00e4lligste Gesicht unter den Tulls, um es vorsichtig auszudr\u00fccken. Aber da die &#8218;John Evans Band&#8216; eine Keimzelle von JT war, hat die Musikwelt ihm viel zu verdanken. Wenn ich es auf der DVD zum 25j\u00e4hrigen Bestehen richtig verstanden habe, ist er jetzt im Immobiliengesch\u00e4ft. Seltsame Karriere. Jedenfalls kann man dort ohne Kopftuch arbeiten.<\/em><\/p>\n<p><em>Du bist viel herumgekommen: Berlin, Hamburg, Bremen, Tostedt. Ich und meine Familie sind fest verwurzelt. Mit Ausnahme des Holland-Ahnen haben wir die St\u00e4tten unserer Kindheit nie weitl\u00e4ufig verlassen.<\/em><\/p>\n<p><em>Wichtig: &#8222;Die Entdeckung des Himmels&#8220; ist kein Buch f\u00fcr Kinder !!<\/em><\/p>\n<p><em>Das Zeitproblem ist ein Problem. Melde Dich einfach, sobald Du wieder Land siehst. In der Zwischenzeit werde ich Deine Geschicke und Ansichten im Weblog verfolgen.<\/em><\/p>\n<p><em>Adieu<\/em><\/p>\n<p><em>Lockwood<\/em><\/p>\n<p>13.09.2006<\/p>\n<p>~~~~~~~~~~~~~~~~~~~~~~~~~~~~~~~~~~~~~~~~~~~~~~~~~~~~~~~~~~~~~~~~~~~~<\/p>\n<p><em>Hallo Lockwood,<\/em><\/p>\n<p><em>Zur Konvertierung von Audio-CDs nach MP3: Wie schon gesagt, es gibt viele Programme. Ich habe mir zun\u00e4chst den Windows Media Player auf meinem Rechner angeguckt. Damit kann man n\u00e4mlich auch Audio-CDs entsprechend konvertieren. Und er macht es bei mir auch in MP3 (ansonsten als WMA \u2013 Windows Media Audio). Leider d\u00fcrfte das bei Dir nicht gehen, denn Dir fehlt mit Sicherheit ein MP3-Plug-In (schon wieder diese verdammten Plug-Ins). Ich habe das Plug-In wohl \u00fcber andere Audio-Software installiert.<\/em><\/p>\n<p><em>Die Dateien werden \u00fcbrigens im Verzeichnis \u201eEigene Dateien\u201c \u2013 \u201eEigene Musik\u201c in einem weiteren Unterorder abgelegt.<\/em><\/p>\n<p><em>Also mit dem Internet-Explorer klappt nun alles bestens?! Sehr sch\u00f6n. Gewisserma\u00dfen sind meine Webseiten f\u00fcr den Internet-Explorer \u201aoptimiert\u2019, wie man so sch\u00f6n sagt. Es ist schon ein Problem f\u00fcr alle m\u00f6glichen Webbrowser, Betriebssysteme usw. eine Website zu stricken, die alle zufrieden stellt.<\/em><\/p>\n<p><em>Genug des technischen Ged\u00f6ns (ist manchmal nervt\u00f6tend, aber wie hei\u00dft es so sch\u00f6n: M\u00fchsam ern\u00e4hrt sich das Eichh\u00f6rnchen!).<\/em><\/p>\n<p><em>Zu unseren deutschen nachbarlichen Flodders (wie schon geschrieben) kein Kommentar. Den Begriff \u201eKrau\u201c kenne ich nicht. Muss meine Mutter fragen, ob sie diesen Ausdruck kennt, denn die stammt aus K\u00f6ln. Womit wir bei dem Thema des viel Herumkommens sind: Wie gesagt bin ich in Berlin geboren. Gezeugt wurde ich aber in Kiel (erster Kontakt mit den norddeutschen Fischk\u00f6pfen). Und kaum konnte ich laufen, zogen meine Eltern aus beruflichen Gr\u00fcnden nach Pforzheim, der Pforte zum Schwarzwald. Als ich dann gerade einmal vier Jahre alt war, zogen meine Eltern wieder Richtung Norden nach Bremen. Als wir dort ankamen, verstand mich kein Schwein, da ich mir in Pforzheim das Schw\u00e4beln angeeignet hatte und jeden 2. Satz mit \u201egell\u201c beendete. Daf\u00fcr blieb ich dann in Bremen mein bisheriges halbe Leben.<\/em><\/p>\n<p><em>Meine Mutter kommt also aus K\u00f6ln. Mein Vater stammt dagegen aus der \u201ekalten Heimat\u201c, aus Ostpreu\u00dfen, einem Ort in Masuren (gleich nebenan kam Siegfried Lenz zur Welt \u2013 wenn du wissen willst, wie die Ostpreu\u00dfen sind, dann lese \u201eSo z\u00e4rtlich war Suleyken\u201c). Ich bin also ein Konglomerat aus den vielen V\u00f6lkergruppen, die Deutschland hervorgebracht hat (nur der bajuwarische Einschlag blieb nur verschont).<\/em><\/p>\n<p><em>Komme ich noch einmal kurz zu Ian Anderson zur\u00fcck (bevor ich mich in die K\u00fcche aufmache und die So\u00dfen f\u00fcr unser freit\u00e4gliches Spaghetti-Essen vorbereite. Freitag ist bei uns Spaghetti-Tag! Da m\u00fcsste uns schon der Himmel auf den Kopf fallen, wenn es was anderes g\u00e4be):<\/em><\/p>\n<p><em>Ich hatte heute Morgen spa\u00dfeshalber bei Google News nachgeguckt, ob es zum Stichwort \u201eIan Anderson\u201c Eintr\u00e4ge gibt und siehe da:<\/em><\/p>\n<p><a href=\"http:\/\/www.freiepresse.de\/NACHRICHTEN\/LOKALES\/REICHENBACH\/650220.html\" target=\"_blank\">Was f\u00fcr ein Kerl, mit seinen 59 Jahren<\/a><\/p>\n<p>Freie Presse &#8211; 27. Aug. 2006<br \/>\nDer ber\u00fchmteste Querfl\u00f6tist der Rockgeschichte: Ian Anderson er\u00f6ffnete am Freitag mit der Vogtland Philharmonie die \u201eWernesgr\u00fcner Sommern\u00e4chte\u201c.S &#8230;<\/p>\n<p><em>Leider ist der Artikel nicht mehr vorhanden. Aber allein die \u00dcberschrift finde ich toll: Was f\u00fcr ein Kerl &#8230; Gab es da nicht vor Jahren eine Werbung f\u00fcr Hundefutter (Was f\u00fcr ein Kerl dank Chappi!). Anderson spielte auf seiner Orchestertour mit Special Guest Lucia Micarelli am 25. August in Wernesgr\u00fcn. Tatort: Brauerei<\/em><\/p>\n<p><em>Was sicherlich auch ein eigenes Thema w\u00e4re: Andersons Essens- und Trinkgewohnheiten (z.B. \u201eIndian restaurants that curry my brain\u201c \u2013 Baker Street Muse). Ob er sich auch ein \u201eWernesgr\u00fcner\u201c geg\u00f6nnt hat? Apropos Bier. Du trinkst kein Bier. Trinkst Du \u00fcberhaupt Alkoholhaltiges? Starker Kaffeetrinker? Oder?<\/em><\/p>\n<p><em>Genug, genug &#8230;<\/em><br \/>\n<em>Erwarte Deine Mail mit Angelos Liedern.<\/em><\/p>\n<p><em>Tsch\u00fcss bis bald<\/em><br \/>\n<em>Wilfried<\/em><\/p>\n<p>15.09.2006<\/p>\n<p><a href=\"http:\/\/babelfish.altavista.com\/babelfish\/trurl_pagecontent?url=https:\/\/www.willizblog.de\/?p=624&#038;lp=de%5Fen\" target=\"_blank\">English Translation for Ian Anderson<\/a><\/p>\n","protected":false},"excerpt":{"rendered":"<p>Hallo Wilfried, dass mit dem Internet-Explorer war der entscheidende Hinweis ! Damit funktioniert alles ! Ich werde Deine Seiten zuk\u00fcnftig nur noch damit besuchen. Auf die Konvertierung von CD auf MP3 bin ich gespannt. Das er\u00f6ffnet ganz neue Perspektiven im Musik-Transfer. Branduardi hat genau wie Mr. Anderson Schlupflider und eine ausgepr\u00e4gte Nase. Aber das ist &hellip; <a href=\"https:\/\/willizblog.de\/?p=624\" class=\"more-link\"><span class=\"screen-reader-text\">Was ist blo\u00df mit Ian los? Teil 14: Was f\u00fcr ein Kerl<\/span> weiterlesen <span class=\"meta-nav\">&rarr;<\/span><\/a><\/p>\n","protected":false},"author":6,"featured_media":0,"comment_status":"closed","ping_status":"closed","sticky":false,"template":"","format":"standard","meta":[],"categories":[43],"tags":[],"_links":{"self":[{"href":"https:\/\/willizblog.de\/index.php?rest_route=\/wp\/v2\/posts\/624"}],"collection":[{"href":"https:\/\/willizblog.de\/index.php?rest_route=\/wp\/v2\/posts"}],"about":[{"href":"https:\/\/willizblog.de\/index.php?rest_route=\/wp\/v2\/types\/post"}],"author":[{"embeddable":true,"href":"https:\/\/willizblog.de\/index.php?rest_route=\/wp\/v2\/users\/6"}],"replies":[{"embeddable":true,"href":"https:\/\/willizblog.de\/index.php?rest_route=%2Fwp%2Fv2%2Fcomments&post=624"}],"version-history":[{"count":0,"href":"https:\/\/willizblog.de\/index.php?rest_route=\/wp\/v2\/posts\/624\/revisions"}],"wp:attachment":[{"href":"https:\/\/willizblog.de\/index.php?rest_route=%2Fwp%2Fv2%2Fmedia&parent=624"}],"wp:term":[{"taxonomy":"category","embeddable":true,"href":"https:\/\/willizblog.de\/index.php?rest_route=%2Fwp%2Fv2%2Fcategories&post=624"},{"taxonomy":"post_tag","embeddable":true,"href":"https:\/\/willizblog.de\/index.php?rest_route=%2Fwp%2Fv2%2Ftags&post=624"}],"curies":[{"name":"wp","href":"https:\/\/api.w.org\/{rel}","templated":true}]}}