{"id":6254,"date":"2012-08-06T16:55:45","date_gmt":"2012-08-06T14:55:45","guid":{"rendered":"http:\/\/www.willizblog.de\/?p=6254"},"modified":"2012-08-06T16:55:45","modified_gmt":"2012-08-06T14:55:45","slug":"mit-drang-nach-vorn","status":"publish","type":"post","link":"https:\/\/willizblog.de\/?p=6254","title":{"rendered":"Mit Drang nach vorn"},"content":{"rendered":"<p>Es ist lange her, dass die Fu\u00dfballbundesligamannschaft des SV Werder Bremen einen \u201aBlumentopf\u2019 gewonnen hat. Und wenn es auch nur <a href=\"http:\/\/www.kreiszeitung.de\/sport\/fussball\/werder-bremen\/gute-phase-schlechte-phase-ende-eine-vase-2447794.html\" target=\"_blank\">eine etwas bessere Vase<\/a> ist: Am Wochenende gewann Werder in Hamburg den <a href=\"http:\/\/www.weser-kurier.de\/startseite_artikel,-Werder-siegt-erneut-vom-Punkt-_arid,342935.html\" target=\"_blank\">Liga total!-Pokal<\/a> und das gegen nicht Geringere als die Bayern aus M\u00fcnchen und den Double-Gewinner Borussia Dortmund.<\/p>\n<p><img src=\"https:\/\/www.willizblog.de\/images\/werder_2012_liga_total_cup.jpg\" alt=\"Werder Bremen nach dem Gewinn des Liga total!-Pokals 2012\" title=\"Werder Bremen nach dem Gewinn des Liga total!-Pokals 2012\" \/><br \/>\n\u00a9 Getty Images<\/p>\n<p>Nat\u00fcrlich soll und kann man die beiden Siege, die jeweils erst im Elfmeterschie\u00dfen erzielt wurden, nicht \u00fcberbewerten. Es ging in beiden Spielen mit einer besseren B-Mannschaft gegen andere bessere B-Mannschaften. Aber eines war unverkennbar: In der neu aufgestellten Mannschaft der Bremer steckte viel Spiellaune. Der Wille, etwas zu erreichen, war kaum zu \u00fcbersehen. Es machten den Jungs sichtlich Spa\u00df, den Gro\u00dfen der Bundesliga ein Bein zu stellen. Was noch fehlt, dass ist der letzte Schliff.<\/p>\n<p>Und da im Sturm aktuell nur die Leihgabe Nils Petersen (23) und der Youngster Niclas F\u00fcllkrug (19) zur Verf\u00fcgung stehen, k\u00fcndigt Manager Klaus Allofs an, die Mannschaft mit einem <a href=\"http:\/\/www.weser-kurier.de\/startseite_artikel,-Allofs-hat-neuen-Stuermer-im-Visier-_arid,343811.html\" target=\"_blank\">weiteren St\u00fcrmer verst\u00e4rken<\/a> zu wollen.<\/p>\n<p>Werder hat am Wochenende gezeigt, dass die Mannschaft an eine alte Tugend anschlie\u00dfen m\u00f6chte und ihr Heil im Spiel nach vorn sucht. Allerdings muss die Abwehr noch besser zu sich finden, denn es gab zu viele, teilweise sogar eklatante Fehler. Nach vorn hui, in der Abwehr pfui (auch das kennt man aus alten Tagen bestens)! Insgesamt machte der Auftritt der Bremer in Hamburg aber doch gute Laune \u2013 und man darf gespannt sein, wie der Saisonauftakt verlaufen wird.<\/p>\n","protected":false},"excerpt":{"rendered":"<p>Es ist lange her, dass die Fu\u00dfballbundesligamannschaft des SV Werder Bremen einen \u201aBlumentopf\u2019 gewonnen hat. Und wenn es auch nur eine etwas bessere Vase ist: Am Wochenende gewann Werder in Hamburg den Liga total!-Pokal und das gegen nicht Geringere als die Bayern aus M\u00fcnchen und den Double-Gewinner Borussia Dortmund. \u00a9 Getty Images Nat\u00fcrlich soll und &hellip; <a href=\"https:\/\/willizblog.de\/?p=6254\" class=\"more-link\"><span class=\"screen-reader-text\">Mit Drang nach vorn<\/span> weiterlesen <span class=\"meta-nav\">&rarr;<\/span><\/a><\/p>\n","protected":false},"author":1,"featured_media":0,"comment_status":"open","ping_status":"open","sticky":false,"template":"","format":"standard","meta":[],"categories":[27],"tags":[],"_links":{"self":[{"href":"https:\/\/willizblog.de\/index.php?rest_route=\/wp\/v2\/posts\/6254"}],"collection":[{"href":"https:\/\/willizblog.de\/index.php?rest_route=\/wp\/v2\/posts"}],"about":[{"href":"https:\/\/willizblog.de\/index.php?rest_route=\/wp\/v2\/types\/post"}],"author":[{"embeddable":true,"href":"https:\/\/willizblog.de\/index.php?rest_route=\/wp\/v2\/users\/1"}],"replies":[{"embeddable":true,"href":"https:\/\/willizblog.de\/index.php?rest_route=%2Fwp%2Fv2%2Fcomments&post=6254"}],"version-history":[{"count":0,"href":"https:\/\/willizblog.de\/index.php?rest_route=\/wp\/v2\/posts\/6254\/revisions"}],"wp:attachment":[{"href":"https:\/\/willizblog.de\/index.php?rest_route=%2Fwp%2Fv2%2Fmedia&parent=6254"}],"wp:term":[{"taxonomy":"category","embeddable":true,"href":"https:\/\/willizblog.de\/index.php?rest_route=%2Fwp%2Fv2%2Fcategories&post=6254"},{"taxonomy":"post_tag","embeddable":true,"href":"https:\/\/willizblog.de\/index.php?rest_route=%2Fwp%2Fv2%2Ftags&post=6254"}],"curies":[{"name":"wp","href":"https:\/\/api.w.org\/{rel}","templated":true}]}}