{"id":627,"date":"2006-10-04T00:51:03","date_gmt":"2006-10-03T22:51:03","guid":{"rendered":"http:\/\/www.albinz.de\/blog\/?p=627"},"modified":"2006-10-03T14:56:32","modified_gmt":"2006-10-03T12:56:32","slug":"rund-um-de-kark-toster-flohmarkt","status":"publish","type":"post","link":"https:\/\/willizblog.de\/?p=627","title":{"rendered":"Rund \u00fcm de Kark &#8211; T\u00f6ster Flohmarkt"},"content":{"rendered":"<p>Am Samstag, den 7. Oktober, ist es wieder einmal so weit. In Tostedt findet Nordeutschlands gr\u00f6\u00dfter Flohmarkt statt, der seit 1973 (fast) immer in der ersten Oktoberwoche &#8222;rund \u00fcm de Kark&#8220;, der Johannis-Kirche, auf 6580 Meter Standfrontfl\u00e4che etwa 700 Aussteller in den kleinen Heideort lockt. Offizielle Er\u00f6ffnung ist um 10 Uhr. Wer aber die wahren Schn\u00e4ppchen sucht, der sollte sich weit vor dieser Zeit nach Tostedt aufmachen. Bereits im Morgengrauen werden sich erste H\u00e4ndler und Interessenten einig.<\/p>\n<p><img src=\"https:\/\/www.albinz.net\/images\/toestermarkt.gif\" alt=\"T\u00f6ster Flohmarkt\" \/><\/p>\n<p>hier Bilder von mir (und ein kleines Video) von <a href=\"https:\/\/www.albinz.net\/tostedt\/tostedt_flohmarkt.html\" target=\"_blank\">fr\u00fcheren Flohm\u00e4rkten in Tostedt<\/a><\/p>\n<p>Website des <a href=\"http:\/\/www.werbekreis-tostedt.de\/\" target=\"_blank\">Werbekreises Tostedt<\/a> (mit weiteren Bildern des T\u00f6ster Marktes)<\/p>\n","protected":false},"excerpt":{"rendered":"<p>Am Samstag, den 7. Oktober, ist es wieder einmal so weit. In Tostedt findet Nordeutschlands gr\u00f6\u00dfter Flohmarkt statt, der seit 1973 (fast) immer in der ersten Oktoberwoche &#8222;rund \u00fcm de Kark&#8220;, der Johannis-Kirche, auf 6580 Meter Standfrontfl\u00e4che etwa 700 Aussteller in den kleinen Heideort lockt. Offizielle Er\u00f6ffnung ist um 10 Uhr. Wer aber die wahren &hellip; <a href=\"https:\/\/willizblog.de\/?p=627\" class=\"more-link\"><span class=\"screen-reader-text\">Rund \u00fcm de Kark &#8211; T\u00f6ster Flohmarkt<\/span> weiterlesen <span class=\"meta-nav\">&rarr;<\/span><\/a><\/p>\n","protected":false},"author":1,"featured_media":0,"comment_status":"closed","ping_status":"closed","sticky":false,"template":"","format":"standard","meta":[],"categories":[11],"tags":[],"_links":{"self":[{"href":"https:\/\/willizblog.de\/index.php?rest_route=\/wp\/v2\/posts\/627"}],"collection":[{"href":"https:\/\/willizblog.de\/index.php?rest_route=\/wp\/v2\/posts"}],"about":[{"href":"https:\/\/willizblog.de\/index.php?rest_route=\/wp\/v2\/types\/post"}],"author":[{"embeddable":true,"href":"https:\/\/willizblog.de\/index.php?rest_route=\/wp\/v2\/users\/1"}],"replies":[{"embeddable":true,"href":"https:\/\/willizblog.de\/index.php?rest_route=%2Fwp%2Fv2%2Fcomments&post=627"}],"version-history":[{"count":0,"href":"https:\/\/willizblog.de\/index.php?rest_route=\/wp\/v2\/posts\/627\/revisions"}],"wp:attachment":[{"href":"https:\/\/willizblog.de\/index.php?rest_route=%2Fwp%2Fv2%2Fmedia&parent=627"}],"wp:term":[{"taxonomy":"category","embeddable":true,"href":"https:\/\/willizblog.de\/index.php?rest_route=%2Fwp%2Fv2%2Fcategories&post=627"},{"taxonomy":"post_tag","embeddable":true,"href":"https:\/\/willizblog.de\/index.php?rest_route=%2Fwp%2Fv2%2Ftags&post=627"}],"curies":[{"name":"wp","href":"https:\/\/api.w.org\/{rel}","templated":true}]}}