{"id":6279,"date":"2012-08-15T18:57:40","date_gmt":"2012-08-15T16:57:40","guid":{"rendered":"http:\/\/www.willizblog.de\/?p=6279"},"modified":"2012-08-15T18:57:40","modified_gmt":"2012-08-15T16:57:40","slug":"urlaub-2012-blick-von-der-leseliege","status":"publish","type":"post","link":"https:\/\/willizblog.de\/?p=6279","title":{"rendered":"Urlaub 2012: Blick von der Leseliege"},"content":{"rendered":"<p>Was soll man an einem Urlaubstag tun, den man zu Hause in den eigenen vier W\u00e4nden verbringt? Nun das Wetter ist angenehm, nicht zu hei\u00df, gerade richtig und sonnig. So lassen sich die ber\u00fchmten vier W\u00e4nde gern und gut nach au\u00dfen kehren: Balkonien oder wie in meinem Fall: <em>Terrassien<\/em> ist angesagt.<\/p>\n<p>Aber morgens geht es erst einmal mit dem Rad <a href=\"https:\/\/www.willizblog.de\/?p=6041\" target=\"_blank\">in die Badeanstalt<\/a>, ja jenes, dass der B\u00fcrgermeister zu gern f\u00fcr immer und ewig schlie\u00dfen wollte und f\u00fcr dessen Erhalt sich die B\u00fcrger mehrheitlich ausgesprochen haben (inzwischen hat sich auch der Samtgemeinderat einstimmig f\u00fcr den Erhalt ausgesprochen \u2013 Danke!) \u2013 und das keinen Eintritt kostet. So fr\u00fch am Morgen kurz nach 8 Uhr ist noch wenig los. Und so k\u00f6nnen meine Frau und ich hier unbehindert unsere Bahnen ziehen. Dann schnell geduscht und mit den Fahrrad noch in den Ort, um die n\u00f6tigsten Eink\u00e4ufe zu erledigen. Erst dann wir ausgiebig gefr\u00fchst\u00fcckt.<\/p>\n<p>Und was sonst? So mitten in der <a href=\"https:\/\/www.willizblog.de\/?p=6221\" target=\"_blank\">L\u00fcneburger Heide<\/a> bieten sich Radtouren an \u2013 und manchmal geht es dann eben auch <a href=\"https:\/\/www.willizblog.de\/?p=6265\" target=\"_blank\">durch Schlick, Matsch und Lehm<\/a>. Aber Ruhestunden sind ja auch erholsam. So auf der Liege mit einem guten Buch in der Hand. Damit jeder es sehen kann, wie der Blick ist, wenn ich aus dem Buch aufblickend gen Himmel schaue:<\/p>\n<p><img src=\"https:\/\/www.willizblog.de\/images\/garten2012_08_leseliegenblick.jpg\" alt=\"Blick von der Leseliege\" title=\"Blick von der Leseliege\" \/><\/p>\n<p>Bei strahlend blauen Himmel hat dieser Blick schon etwas \u2013 die Perspektive ist eine besondere aus einem tiefgelegenen Standpunkt heraus in die H\u00f6he. Nebenan steht der Kaffeepott mit einem Cappuccino. Und dazu dann eine spannende Geschichte, erst etwas von William Faulkner zur Jahreszeit passend (<a target=\"_blank\" href=\"https:\/\/www.amazon.de\/gp\/search?ie=UTF8&#038;camp=1638&#038;creative=6742&#038;index=books&#038;keywords=faulkner%20licht%20im%20August&#038;linkCode=ur2&#038;tag=familiealbin-21\">Licht im August<\/a><img loading=\"lazy\" src=\"https:\/\/www.assoc-amazon.de\/e\/ir?t=familiealbin-21&#038;l=ur2&#038;o=3\" width=\"1\" height=\"1\" border=\"0\" alt=\"\" style=\"border:none !important; margin:0px !important;\" \/>), einen weiteren <a href=\"https:\/\/www.willizblog.de\/?p=6172\" target=\"_blank\">Kriminalroman von Friedrich Glauser<\/a> (und noch einen) oder gewisserma\u00dfen als \u201aErfrischung\u2019 Italo Calvinos <a target=\"_blank\" href=\"https:\/\/www.amazon.de\/gp\/search?ie=UTF8&#038;camp=1638&#038;creative=6742&#038;index=books&#038;keywords=calvino%20reisender%20winternacht&#038;linkCode=ur2&#038;tag=familiealbin-21\">Wenn ein Reisender in einer Winternacht<\/a><img loading=\"lazy\" src=\"https:\/\/www.assoc-amazon.de\/e\/ir?t=familiealbin-21&#038;l=ur2&#038;o=3\" width=\"1\" height=\"1\" border=\"0\" alt=\"\" style=\"border:none !important; margin:0px !important;\" \/> (zu den B\u00fcchern sp\u00e4ter mehr).<\/p>\n<p>So l\u00e4sst es sich leben \u2013 und so l\u00e4sst es sich <em>Urlaub zu Hause<\/em> verbringen.<\/p>\n","protected":false},"excerpt":{"rendered":"<p>Was soll man an einem Urlaubstag tun, den man zu Hause in den eigenen vier W\u00e4nden verbringt? Nun das Wetter ist angenehm, nicht zu hei\u00df, gerade richtig und sonnig. So lassen sich die ber\u00fchmten vier W\u00e4nde gern und gut nach au\u00dfen kehren: Balkonien oder wie in meinem Fall: Terrassien ist angesagt. Aber morgens geht es &hellip; <a href=\"https:\/\/willizblog.de\/?p=6279\" class=\"more-link\"><span class=\"screen-reader-text\">Urlaub 2012: Blick von der Leseliege<\/span> weiterlesen <span class=\"meta-nav\">&rarr;<\/span><\/a><\/p>\n","protected":false},"author":1,"featured_media":0,"comment_status":"open","ping_status":"open","sticky":false,"template":"","format":"standard","meta":[],"categories":[10,11],"tags":[],"_links":{"self":[{"href":"https:\/\/willizblog.de\/index.php?rest_route=\/wp\/v2\/posts\/6279"}],"collection":[{"href":"https:\/\/willizblog.de\/index.php?rest_route=\/wp\/v2\/posts"}],"about":[{"href":"https:\/\/willizblog.de\/index.php?rest_route=\/wp\/v2\/types\/post"}],"author":[{"embeddable":true,"href":"https:\/\/willizblog.de\/index.php?rest_route=\/wp\/v2\/users\/1"}],"replies":[{"embeddable":true,"href":"https:\/\/willizblog.de\/index.php?rest_route=%2Fwp%2Fv2%2Fcomments&post=6279"}],"version-history":[{"count":0,"href":"https:\/\/willizblog.de\/index.php?rest_route=\/wp\/v2\/posts\/6279\/revisions"}],"wp:attachment":[{"href":"https:\/\/willizblog.de\/index.php?rest_route=%2Fwp%2Fv2%2Fmedia&parent=6279"}],"wp:term":[{"taxonomy":"category","embeddable":true,"href":"https:\/\/willizblog.de\/index.php?rest_route=%2Fwp%2Fv2%2Fcategories&post=6279"},{"taxonomy":"post_tag","embeddable":true,"href":"https:\/\/willizblog.de\/index.php?rest_route=%2Fwp%2Fv2%2Ftags&post=6279"}],"curies":[{"name":"wp","href":"https:\/\/api.w.org\/{rel}","templated":true}]}}