{"id":63,"date":"2005-03-05T17:23:35","date_gmt":"2005-03-05T16:23:35","guid":{"rendered":"http:\/\/www.albinz.de\/blog\/?p=63"},"modified":"2006-12-04T10:48:30","modified_gmt":"2006-12-04T08:48:30","slug":"hat-nicht-geklappt-24-spieltag-bl-20042005","status":"publish","type":"post","link":"https:\/\/willizblog.de\/?p=63","title":{"rendered":"Hat nicht geklappt (24. Spieltag BL 2004\/2005)"},"content":{"rendered":"<p>Ein fr\u00fches Tor durch Ballack f\u00fcr Bayern M\u00fcnchen. Das war es denn leider auch (Klose bei Werder Bremen entt\u00e4uscht wieder). Die Bayern und Schalke ziehen davon. Werder bleibt immerhin Tabellendritte; die  Stuttgarter r\u00fccken aber dichter heran. Auf gut deutsch: Asche!<\/p>\n","protected":false},"excerpt":{"rendered":"<p>Ein fr\u00fches Tor durch Ballack f\u00fcr Bayern M\u00fcnchen. Das war es denn leider auch (Klose bei Werder Bremen entt\u00e4uscht wieder). Die Bayern und Schalke ziehen davon. Werder bleibt immerhin Tabellendritte; die Stuttgarter r\u00fccken aber dichter heran. Auf gut deutsch: Asche!<\/p>\n","protected":false},"author":1,"featured_media":0,"comment_status":"closed","ping_status":"closed","sticky":false,"template":"","format":"standard","meta":[],"categories":[27],"tags":[],"_links":{"self":[{"href":"https:\/\/willizblog.de\/index.php?rest_route=\/wp\/v2\/posts\/63"}],"collection":[{"href":"https:\/\/willizblog.de\/index.php?rest_route=\/wp\/v2\/posts"}],"about":[{"href":"https:\/\/willizblog.de\/index.php?rest_route=\/wp\/v2\/types\/post"}],"author":[{"embeddable":true,"href":"https:\/\/willizblog.de\/index.php?rest_route=\/wp\/v2\/users\/1"}],"replies":[{"embeddable":true,"href":"https:\/\/willizblog.de\/index.php?rest_route=%2Fwp%2Fv2%2Fcomments&post=63"}],"version-history":[{"count":0,"href":"https:\/\/willizblog.de\/index.php?rest_route=\/wp\/v2\/posts\/63\/revisions"}],"wp:attachment":[{"href":"https:\/\/willizblog.de\/index.php?rest_route=%2Fwp%2Fv2%2Fmedia&parent=63"}],"wp:term":[{"taxonomy":"category","embeddable":true,"href":"https:\/\/willizblog.de\/index.php?rest_route=%2Fwp%2Fv2%2Fcategories&post=63"},{"taxonomy":"post_tag","embeddable":true,"href":"https:\/\/willizblog.de\/index.php?rest_route=%2Fwp%2Fv2%2Ftags&post=63"}],"curies":[{"name":"wp","href":"https:\/\/api.w.org\/{rel}","templated":true}]}}