{"id":6301,"date":"2012-08-23T11:45:20","date_gmt":"2012-08-23T09:45:20","guid":{"rendered":"http:\/\/www.willizblog.de\/?p=6301"},"modified":"2012-08-24T07:46:12","modified_gmt":"2012-08-24T05:46:12","slug":"werder-bruzzzelt","status":"publish","type":"post","link":"https:\/\/willizblog.de\/?p=6301","title":{"rendered":"Werder bru(z)zzelt &#8230;"},"content":{"rendered":"<p>Was f\u00fcr ein verbru(z)zzelter Saisonauftakt f\u00fcr Werder Bremen! Da kommt man sich vor wie in <a href=\"https:\/\/www.willizblog.de\/?p=110\" target=\"_blank\">\u201aT\u00e4glich gr\u00fc\u00dft das Murmeltier\u2019<\/a> \u2013 schon wieder fliegen die Bremer in der ersten Runde des <a href=\"https:\/\/de.wikipedia.org\/wiki\/DFB-Pokal_2012\/13\" target=\"_blank\">DFB-Pokals<\/a> gegen einen Drittligisten (diesmal Preu\u00dfen M\u00fcnster) heraus und k\u00f6nnen sich wieder einmal ganz auf die Fu\u00dfball-Bundesliga konzentrieren. <em>Wie sch\u00f6n &#8230;?!<\/em><\/p>\n<p>Und am Freitag geht es dann endlich los und gleich in der 50. Bundesligasaison gegen den amtierenden deutschen Meister und DFB-Pokalsieger Borussia Dortmund.<\/p>\n<p>Nun Werder Bremen stand bisher f\u00fcr attraktiven Angriffsfu\u00dfball und hat so weit \u00fcber die Region hinaus Fu\u00dfballfreunde gefunden. Nach zwei verkorksten Spielzeiten und einem <a href=\"https:\/\/www.willizblog.de\/?p=6175\" target=\"_blank\">gro\u00dfen Umbruch<\/a> in der Mannschaft zeigte das Team in der Vorbereitung und im <a href=\"https:\/\/www.willizblog.de\/?p=6254\" target=\"_blank\">Liga total!-Pokal<\/a> erste gute Ans\u00e4tze und endlich wieder viel Spiellaune. Der Wille, etwas zu erreichen, war kaum zu \u00fcbersehen. Es machten den Jungs sichtlich Spa\u00df. Aber dann dieses Trauerspiel in M\u00fcnster. Da muss man im Dortmund wohl wieder mit dem Schlimmsten rechnen. Nat\u00fcrlich soll alles anders werden, besser als in M\u00fcnster. Nur mir fehlt der Glaube.<\/p>\n<p><img src=\"https:\/\/www.willizblog.de\/blogpicts\/werder_sinking_ship.jpg\" alt=\"SV Werder Bremen: Umbruch oder Schiffbruch mit Wiesenhof?\" title=\"SV Werder Bremen: Umbruch oder Schiffbruch mit Wiesenhof?\" \/><\/p>\n<p>Werder Bremen stand immer auch f\u00fcr Fairness auf und neben dem Sportplatz, f\u00fcr Nachhaltigkeit und Sympathie. Wie vertr\u00e4gt sich das nun mit dem neuen Trikotsponsor <a href=\"http:\/\/www.werder.de\/de\/business\/sponsoring\/sponsorenuebersicht\/wiesenhof\/index.php\" target=\"_blank\">Wiesenhof<\/a>, Deutschlands f\u00fchrender Gefl\u00fcgelmarke, die mit ihren Skandalen genau das Gegenteil von dem verk\u00f6rpert, was Werder Bremen bisher ausmachte.<\/p>\n<p>Werders Image ist in Gefahr. Nat\u00fcrlich braucht man in Bremen jeden Euro. Aber muss man deshalb seine Seele, sein <a href=\"http:\/\/www.heute.de\/ZDF\/zdfportal\/web\/Sport\/4674\/23978906\/12ea89\/Trikotwerbung-Ein-Pakt-mit-dem-Teufel.html\" target=\"_blank\">gutes Image an den Teufel verkaufen<\/a>? Schon zwischen 2004 und 2007 hatte Werder zwei Trikotsponsoren mit zweifelhaften Ruf. Die Auswahl des jetzigen Sponsors ist insbesondere unter Werder-Fans umstritten, da Tierschutzorganisationen dem Unternehmen Tierqu\u00e4lerei durch Massentierhaltung vorwerfen. Die ersten Mitglieder haben bereits den Verein verlassen.<\/p>\n<p><strong>Nachtrag:<\/strong> Die angek\u00fcndigte Verst\u00e4rkung im Sturm hei\u00dft <a href=\"http:\/\/www.weser-kurier.de\/werder\/profis_artikel,-Vier-Jahres-Vertrag-fuer-Akpala-_arid,356560.html\" target=\"_blank\">Joseph Akpala<\/a> vom FC Br\u00fcgge. Nach einigem Hin und Her (wie sollte es anders bei Werder sein) ist der Transfer des 25-J\u00e4hrigen an die weser perfekt. Akpala unterschrieb noch gestern einen Vier-Jahres-Vertrag bei den Bremern. Damit ist die Personalplanung f\u00fcr die neue Saison entg\u00fcltig in &#8222;trockenen T\u00fcchern&#8220;. Akpala ist nach Kevin de Bruyne (ausgeliehen), Assani Lukymia, Nils Petersen (ausgeliehen), Theodor Gebre Selassie, Raphael Wolf und Eljero Elia der siebte Neuzugang des Sommers f\u00fcr Werder Bremen.<\/p>\n","protected":false},"excerpt":{"rendered":"<p>Was f\u00fcr ein verbru(z)zzelter Saisonauftakt f\u00fcr Werder Bremen! Da kommt man sich vor wie in \u201aT\u00e4glich gr\u00fc\u00dft das Murmeltier\u2019 \u2013 schon wieder fliegen die Bremer in der ersten Runde des DFB-Pokals gegen einen Drittligisten (diesmal Preu\u00dfen M\u00fcnster) heraus und k\u00f6nnen sich wieder einmal ganz auf die Fu\u00dfball-Bundesliga konzentrieren. Wie sch\u00f6n &#8230;?! Und am Freitag geht &hellip; <a href=\"https:\/\/willizblog.de\/?p=6301\" class=\"more-link\"><span class=\"screen-reader-text\">Werder bru(z)zzelt &#8230;<\/span> weiterlesen <span class=\"meta-nav\">&rarr;<\/span><\/a><\/p>\n","protected":false},"author":1,"featured_media":0,"comment_status":"open","ping_status":"open","sticky":false,"template":"","format":"standard","meta":[],"categories":[27],"tags":[],"_links":{"self":[{"href":"https:\/\/willizblog.de\/index.php?rest_route=\/wp\/v2\/posts\/6301"}],"collection":[{"href":"https:\/\/willizblog.de\/index.php?rest_route=\/wp\/v2\/posts"}],"about":[{"href":"https:\/\/willizblog.de\/index.php?rest_route=\/wp\/v2\/types\/post"}],"author":[{"embeddable":true,"href":"https:\/\/willizblog.de\/index.php?rest_route=\/wp\/v2\/users\/1"}],"replies":[{"embeddable":true,"href":"https:\/\/willizblog.de\/index.php?rest_route=%2Fwp%2Fv2%2Fcomments&post=6301"}],"version-history":[{"count":0,"href":"https:\/\/willizblog.de\/index.php?rest_route=\/wp\/v2\/posts\/6301\/revisions"}],"wp:attachment":[{"href":"https:\/\/willizblog.de\/index.php?rest_route=%2Fwp%2Fv2%2Fmedia&parent=6301"}],"wp:term":[{"taxonomy":"category","embeddable":true,"href":"https:\/\/willizblog.de\/index.php?rest_route=%2Fwp%2Fv2%2Fcategories&post=6301"},{"taxonomy":"post_tag","embeddable":true,"href":"https:\/\/willizblog.de\/index.php?rest_route=%2Fwp%2Fv2%2Ftags&post=6301"}],"curies":[{"name":"wp","href":"https:\/\/api.w.org\/{rel}","templated":true}]}}