{"id":6314,"date":"2012-08-27T09:40:49","date_gmt":"2012-08-27T07:40:49","guid":{"rendered":"http:\/\/www.willizblog.de\/?p=6314"},"modified":"2012-08-27T09:45:19","modified_gmt":"2012-08-27T07:45:19","slug":"thor-%e2%80%93-der-film","status":"publish","type":"post","link":"https:\/\/willizblog.de\/?p=6314","title":{"rendered":"Thor \u2013 der Film"},"content":{"rendered":"<p><em>\u201eMit Aufkl\u00e4rung, S\u00e4kularisierung und Moderne gleich die G\u00f6tter f\u00fcr abgesetzt zu erkl\u00e4ren, w\u00e4re nicht nur verfr\u00fcht, sondern schlichtweg ein Irrtum. Die Sehnsucht nach \u00dcbermenschlichem und die Lust am epischen Heldenmythos liegen im Herzen unserer Zivilisation.\u201c<\/em> (Quelle: <a href=\"http:\/\/www.filmstarts.de\/kritiken\/95282-Thor.html\" target=\"_blank\">filmstarts.de<\/a>)<\/p>\n<p>Die Sehnsucht gebiert Superhelden und neue G\u00f6tter. Neue G\u00f6tter? Nein, da gab es vor langer Zeit G\u00f6tter genug, die m\u00fcssen nur neu aktiviert werden. Immer wieder beliebt ist dabei die <a href=\"https:\/\/de.wikipedia.org\/wiki\/Nordische_Mythologie\" target=\"_blank\">nordische Mythologie<\/a> mit ihren diversen G\u00f6ttergeschlechtern. Und so kam <a href=\"https:\/\/de.wikipedia.org\/wiki\/Thor\" target=\"_blank\">Donnergott Thor<\/a> zun\u00e4chst als <a href=\"https:\/\/de.wikipedia.org\/wiki\/Thor_%28Comic%29\" target=\"_blank\">Comic-Figur<\/a> und daraus resultierend als Filmheld daher und gl\u00e4nzt so nicht nur als Gott, sondern auch als auf die Erde verbannter Superheld:<\/p>\n<p><a href=\"https:\/\/de.wikipedia.org\/wiki\/Thor_%28Film%29\" target=\"_blank\">Thor<\/a> ist ein US-amerikanischer Action- und Science-Fiction-Spielfilm aus dem Jahr 2011, der als Comicverfilmung auf der Superhelden-Comicfigur Thor des Verlages Marvel basiert. Regie f\u00fchrte Kenneth Branagh.<\/p>\n<p><em>\u201eG\u00f6ttersohn Thor (Chris Hemsworth) steht kurz davor, zum K\u00f6nig Asgards gekr\u00f6nt zu werden, doch Allvater Odin (Anthony Hopkins) kann die feierliche Zeremonie nicht beenden &#8211; Grimmige Frostriesen-Renegaten haben den Friedenspakt zwischen Asgard und dem eisigen Jotunheim gebrochen und sind in Odins Waffenkammer eingedrungen. Gegen den Willen seines Vaters reist der aufbrausende Thor mit seinem Bruder Loki (Tom Hiddleston) und einer Schar alter Kampfgef\u00e4hrten in die Heimat seiner Feinde und l\u00e4sst den uralten Konflikt der Reiche damit erneut entflammen. Erz\u00fcrnt verbannt Odin seinen Sohn ins unterentwickelte Midgard (die Bezeichnung der G\u00f6tter f\u00fcr unsere Erde). W\u00e4hrend Thor sich dort mit dem Forscher-Trio Jane (Natalie Portman), Erik (Stellan Skarsgard) und Darcy (Kat Dennings) anfreundet, f\u00e4llt der gramgeplagte Allvater in einen verwunschenen Schlaf, sodass nun der diabolische Loki auf dem Thron Platz nimmt&#8230;\u201c<\/em><br \/>\n(Quelle: <a href=\"http:\/\/www.filmstarts.de\/kritiken\/95282-Thor.html\" target=\"_blank\">filmstarts.de<\/a>)<\/p>\n<p>Dem nicht genug: Inzwischen wurde auch <a href=\"https:\/\/de.wikipedia.org\/wiki\/Captain_America_%E2%80%93_The_First_Avenger\" target=\"_blank\">Captain America<\/a> aus dem <a href=\"https:\/\/de.wikipedia.org\/wiki\/Marvel_Comics\" target=\"_blank\">Marvel\u2019schen Comickosmos<\/a> verfilmt \u2013 und zusammen mit <a href=\"https:\/\/www.willizblog.de\/?p=3408\" target=\"_blank\">Iron Man<\/a>, Thor, Hulk u.v.a. k\u00e4mpft Captain America f\u00fcr den Erhalt unserer lieben Erde: <a href=\"https:\/\/de.wikipedia.org\/wiki\/Marvel%E2%80%99s_The_Avengers\" target=\"_blank\">The Avengers<\/a> schlie\u00dfen sich nahtlos an den Film Thor an.<\/p>\n<p><iframe loading=\"lazy\" width=\"540\" height=\"304\" src=\"https:\/\/www.youtube.com\/embed\/4Zgdayg1MuU\" frameborder=\"0\" allowfullscreen><\/iframe><br \/>\nThor (Natalie Portman, Kenneth Branagh) | Trailer deutsch HD <\/p>\n<p>\u201eThor\u201c und \u201eCaptain America\u201c sind inzwischen als DVD bzw. Blu-ray erh\u00e4ltlich: <a target=\"_blank\" href=\"https:\/\/www.amazon.de\/gp\/search?ie=UTF8&#038;camp=1638&#038;creative=6742&#038;index=dvd&#038;keywords=thor&#038;linkCode=ur2&#038;tag=familiealbin-21\"><strong>Thor\/Captain America<\/strong><\/a><img loading=\"lazy\" src=\"https:\/\/www.assoc-amazon.de\/e\/ir?t=familiealbin-21&#038;l=ur2&#038;o=3\" width=\"1\" height=\"1\" border=\"0\" alt=\"\" style=\"border:none !important; margin:0px !important;\" \/><\/p>\n<p>Den Film <a href=\"http:\/\/thor.marvel.com\/intl\/de\/\" target=\"_blank\">Thor<\/a> habe ich mir am Wochenende mit meinem j\u00fcngeren Sohn angeschaut. Ohne meinen Sohn h\u00e4tte ich wohl schon l\u00e4ngst in Filmsachen Superhelden die Leine gezogen. Diese immer wieder nach gleichem Strickmuster fabrizierte Filmware geht mir langsam auf den Geist (das ist wahrsten Sinne). Dem Spiderman konnte ich in seiner Selbstironie noch einiges abgewinnen \u2013 dieser Kraftprotz Thor aber geb\u00e4rdet sich auf Midgard (unsere Erde) streckenweise wie eine Dumpfbacke.<\/p>\n<p>Warum habe ich mir diesen Film also \u00fcberhaupt angeschaut? Da wurde als Regisseur der Shakespeare-Profi <a href=\"https:\/\/de.wikipedia.org\/wiki\/Kenneth_Branagh\" target=\"_blank\">Kenneth Branagh<\/a> ausgewiesen. Aber was soll selbst ein Branagh gegen die Eigengesetzm\u00e4\u00dfigkeiten Hollywoods, wenn es darum geht, einen Blockbuster zu produzieren, der m\u00f6glichst viel Kasse machen soll. Branagh kommt mir wie der <a href=\"https:\/\/de.wikipedia.org\/wiki\/Der_Zauberlehrling\" target=\"_blank\">Zauberlehrling<\/a> vor, dem es nicht gelingt, die entfesselten Kr\u00e4fte der Computeranimation zu b\u00e4ndigen. Optisch kommt so nat\u00fcrlich einiges zu Wege. Aber die Charaktere bleiben blass. Und eine den Kraftprotz Thor anschmachtende Natalie Portman ist geradezu ein \u00c4rgernis.<\/p>\n<p>Den Film Captain America habe ich mir geschenkt (den hat sich mein Sohn bereits mit seinen Freunden angeschaut). Und die in gut zwei Wochen als DVD\/Blu-ray erscheinenden <a target=\"_blank\" href=\"https:\/\/www.amazon.de\/gp\/search?ie=UTF8&#038;camp=1638&#038;creative=6742&#038;index=dvd&#038;keywords=marvel%20avengers&#038;linkCode=ur2&#038;tag=familiealbin-21\"><strong>The Avengers<\/strong><\/a><img loading=\"lazy\" src=\"https:\/\/www.assoc-amazon.de\/e\/ir?t=familiealbin-21&#038;l=ur2&#038;o=3\" width=\"1\" height=\"1\" border=\"0\" alt=\"\" style=\"border:none !important; margin:0px !important;\" \/> muss ich dann wohl oder \u00fcbel wieder angucken m\u00fcssen \ud83d\ude09<\/p>\n","protected":false},"excerpt":{"rendered":"<p>\u201eMit Aufkl\u00e4rung, S\u00e4kularisierung und Moderne gleich die G\u00f6tter f\u00fcr abgesetzt zu erkl\u00e4ren, w\u00e4re nicht nur verfr\u00fcht, sondern schlichtweg ein Irrtum. Die Sehnsucht nach \u00dcbermenschlichem und die Lust am epischen Heldenmythos liegen im Herzen unserer Zivilisation.\u201c (Quelle: filmstarts.de) Die Sehnsucht gebiert Superhelden und neue G\u00f6tter. Neue G\u00f6tter? Nein, da gab es vor langer Zeit G\u00f6tter genug, &hellip; <a href=\"https:\/\/willizblog.de\/?p=6314\" class=\"more-link\"><span class=\"screen-reader-text\">Thor \u2013 der Film<\/span> weiterlesen <span class=\"meta-nav\">&rarr;<\/span><\/a><\/p>\n","protected":false},"author":1,"featured_media":0,"comment_status":"open","ping_status":"open","sticky":false,"template":"","format":"standard","meta":[],"categories":[13],"tags":[],"_links":{"self":[{"href":"https:\/\/willizblog.de\/index.php?rest_route=\/wp\/v2\/posts\/6314"}],"collection":[{"href":"https:\/\/willizblog.de\/index.php?rest_route=\/wp\/v2\/posts"}],"about":[{"href":"https:\/\/willizblog.de\/index.php?rest_route=\/wp\/v2\/types\/post"}],"author":[{"embeddable":true,"href":"https:\/\/willizblog.de\/index.php?rest_route=\/wp\/v2\/users\/1"}],"replies":[{"embeddable":true,"href":"https:\/\/willizblog.de\/index.php?rest_route=%2Fwp%2Fv2%2Fcomments&post=6314"}],"version-history":[{"count":0,"href":"https:\/\/willizblog.de\/index.php?rest_route=\/wp\/v2\/posts\/6314\/revisions"}],"wp:attachment":[{"href":"https:\/\/willizblog.de\/index.php?rest_route=%2Fwp%2Fv2%2Fmedia&parent=6314"}],"wp:term":[{"taxonomy":"category","embeddable":true,"href":"https:\/\/willizblog.de\/index.php?rest_route=%2Fwp%2Fv2%2Fcategories&post=6314"},{"taxonomy":"post_tag","embeddable":true,"href":"https:\/\/willizblog.de\/index.php?rest_route=%2Fwp%2Fv2%2Ftags&post=6314"}],"curies":[{"name":"wp","href":"https:\/\/api.w.org\/{rel}","templated":true}]}}