{"id":634,"date":"2006-10-22T00:35:06","date_gmt":"2006-10-21T22:35:06","guid":{"rendered":"http:\/\/www.albinz.de\/blog\/?p=634"},"modified":"2006-10-09T13:42:48","modified_gmt":"2006-10-09T11:42:48","slug":"jethro-tull-water-s-edge-ballet","status":"publish","type":"post","link":"https:\/\/willizblog.de\/?p=634","title":{"rendered":"Jethro Tull: Water &#8217;s Edge Ballet"},"content":{"rendered":"<p>Es kommt nicht alle Tage vor, dass ein Rockmusiker an einem klassischen Ballett mitwirkt. Wie bereits in dem Betrag <a href=\"https:\/\/www.willizblog.de\/?p=633\" target=\"_blank\">&#8222;Was ist blo\u00df mit Ian los? Teil 21: Ian und das klassische Ballett&#8220;<\/a> erw\u00e4hnt hat Ian Anderson von der Gruppe <a href=\"http:\/\/www.jethrotull.com\/\" target=\"_blank\">Jethro Tull<\/a> zusammen mit seinen jahrelangen Mitstreitern David Palmer und Martin Barre die Musik zu dem <a href=\"http:\/\/www.tullpress.com\/sbfeb81.htm\" target=\"_blank\">Ballett &#8222;Water &#8217;s Edge&#8220;<\/a> verfasst. Die Choreographie stammt von Robert North. Die Premiere fand am 7. M\u00e4rz 1979 im Theatre Royal, Glasgow, statt und wurde vom Scottish Ballet in der Leitung des Ballettdirektors Robin Anderson, dem Bruder von Ian Anderson, aufgef\u00fchrt.<\/p>\n<p>Zum Inhalt:<br \/>\nEin junger Mann, der am Rande des Wassers entlang wandert, begegnet Mary Mackenzie, die ihm seltsame und erstaunliche Geschichten \u00fcber die See, deren Launen, und den schottischen Mythen und Legenden erz\u00e4hlt: Vom Wasserpferd <a href=\"https:\/\/www.willizblog.de\/?p=70\" target=\"_blank\">Kelpie<\/a>, das mit Jungfrauen davon reitet und in den Wellen verschwindet; den Selkies, Seehunden, die sich zu Menschen verwandeln, wenn sie des Nachts ihre H\u00e4ute ablegen und dann tanzen und seltsame Muster am Ufer weben; und den Wassernixen, den T\u00f6chtern des &#8222;Flossenvolks&#8220;, halb Fisch, halb Frauen, bekannt f\u00fcr ihren Sirenengesang und ihrer \u00fcberirdischen Sch\u00f6nheit.<\/p>\n<p><object ID=\"video1\" CLASSID=\"clsid:CFCDAA03-8BE4-11CF-B84B-0020AFBBCCFA\" HEIGHT=\"240\" WIDTH=\"320\"><param name=\"_ExtentX\" value=\"8467\"><param name=\"_ExtentY\" value=\"6350\"><param name=\"AUTOSTART\" value=\"0\"><param name=\"SHUFFLE\" value=\"0\"><param name=\"PREFETCH\" value=\"0\"><param name=\"NOLABELS\" value=\"0\"><param name=\"SRC\" value=\"https:\/\/www.albinz.net\/images\/jt_water_s_edge.ram\"><param name=\"CONTROLS\" value=\"ImageWindow\"><param name=\"CONSOLE\" value=\"Clip26\"><param name=\"LOOP\" value=\"0\"><param name=\"NUMLOOP\" value=\"0\"><param name=\"CENTER\" value=\"0\"><param name=\"MAINTAINASPECT\" value=\"0\"><param name=\"BACKGROUNDCOLOR\" value=\"#000000\"><embed SRC=\"https:\/\/www.albinz.net\/images\/jt_water_s_edge.rm\" type=\"audio\/x-pn-realaudio-plugin\" CONSOLE=\"Clip26\" CONTROLS=\"ImageWindow\" HEIGHT=\"240\" WIDTH=\"320\" AUTOSTART=\"false\"><\/object><\/p>\n<p>Ian Anderson: Water &#8217;s Edge Ballet (Ausschnitt)<\/p>\n<p><object ID=\"video2\" CLASSID=\"clsid:CFCDAA03-8BE4-11cf-B84B-0020AFBBCCFA\" HEIGHT=\"25\" WIDTH=\"220\"><param name=\"_ExtentX\" value=\"5821\"><param name=\"_ExtentY\" value=\"661\"><param name=\"AUTOSTART\" value=\"0\"><param name=\"SHUFFLE\" value=\"0\"><param name=\"PREFETCH\" value=\"0\"><param name=\"NOLABELS\" value=\"0\"><param name=\"CONTROLS\" value=\"ControlPanel\"><param name=\"CONSOLE\" value=\"Clip26\"><param name=\"LOOP\" value=\"0\"><param name=\"NUMLOOP\" value=\"0\"><param name=\"CENTER\" value=\"0\"><param name=\"MAINTAINASPECT\" value=\"0\"><param name=\"BACKGROUNDCOLOR\" value=\"#000000\"><embed type=\"audio\/x-pn-realaudio-plugin\" CONSOLE=\"Clip26\" CONTROLS=\"ControlPanel\" HEIGHT=\"40\" WIDTH=\"275\" AUTOSTART=\"false\"><\/object><\/p>\n","protected":false},"excerpt":{"rendered":"<p>Es kommt nicht alle Tage vor, dass ein Rockmusiker an einem klassischen Ballett mitwirkt. Wie bereits in dem Betrag &#8222;Was ist blo\u00df mit Ian los? Teil 21: Ian und das klassische Ballett&#8220; erw\u00e4hnt hat Ian Anderson von der Gruppe Jethro Tull zusammen mit seinen jahrelangen Mitstreitern David Palmer und Martin Barre die Musik zu dem &hellip; <a href=\"https:\/\/willizblog.de\/?p=634\" class=\"more-link\"><span class=\"screen-reader-text\">Jethro Tull: Water &#8217;s Edge Ballet<\/span> weiterlesen <span class=\"meta-nav\">&rarr;<\/span><\/a><\/p>\n","protected":false},"author":1,"featured_media":0,"comment_status":"closed","ping_status":"closed","sticky":false,"template":"","format":"standard","meta":[],"categories":[9],"tags":[],"_links":{"self":[{"href":"https:\/\/willizblog.de\/index.php?rest_route=\/wp\/v2\/posts\/634"}],"collection":[{"href":"https:\/\/willizblog.de\/index.php?rest_route=\/wp\/v2\/posts"}],"about":[{"href":"https:\/\/willizblog.de\/index.php?rest_route=\/wp\/v2\/types\/post"}],"author":[{"embeddable":true,"href":"https:\/\/willizblog.de\/index.php?rest_route=\/wp\/v2\/users\/1"}],"replies":[{"embeddable":true,"href":"https:\/\/willizblog.de\/index.php?rest_route=%2Fwp%2Fv2%2Fcomments&post=634"}],"version-history":[{"count":0,"href":"https:\/\/willizblog.de\/index.php?rest_route=\/wp\/v2\/posts\/634\/revisions"}],"wp:attachment":[{"href":"https:\/\/willizblog.de\/index.php?rest_route=%2Fwp%2Fv2%2Fmedia&parent=634"}],"wp:term":[{"taxonomy":"category","embeddable":true,"href":"https:\/\/willizblog.de\/index.php?rest_route=%2Fwp%2Fv2%2Fcategories&post=634"},{"taxonomy":"post_tag","embeddable":true,"href":"https:\/\/willizblog.de\/index.php?rest_route=%2Fwp%2Fv2%2Ftags&post=634"}],"curies":[{"name":"wp","href":"https:\/\/api.w.org\/{rel}","templated":true}]}}