{"id":6349,"date":"2012-09-03T09:55:32","date_gmt":"2012-09-03T07:55:32","guid":{"rendered":"http:\/\/www.willizblog.de\/?p=6349"},"modified":"2012-09-03T09:57:11","modified_gmt":"2012-09-03T07:57:11","slug":"halbwegs-effektiv","status":"publish","type":"post","link":"https:\/\/willizblog.de\/?p=6349","title":{"rendered":"Halbwegs effektiv"},"content":{"rendered":"<p>Nach dem <a href=\"https:\/\/www.willizblog.de\/?p=6301\" target=\"_blank\">Aus in der ersten Runde des DFB-Pokals<\/a> kann sich der SV Werder Bremen voll und ganz auf die Fu\u00dfballbundesliga konzentrieren. Und wie es aussieht, l\u00e4uft es mit der neuen, auf vielen Positionen umgebrochenen Mannschaft ganz ordentlich. Beim deutschen Meister Borussia Dortmund musste man zwar eine ungl\u00fcckliche Niederlage einstecken. Aber die spielerischen Ans\u00e4tze lie\u00dfen erkennen, dass die Bremer in dieser Saison durchaus mit den Gro\u00dfen mithalten k\u00f6nnen. Was fehlt, ist die bessere Ausnutzung der Torchancen:  mehr Effektivit\u00e4t!<\/p>\n<p>Am Samstag im Derby zu Hause gegen den HSV wurde die Arbeit dann auch endlich belohnt. Mit 2:0 siegte Werder verdienterma\u00dfen, auch wenn wiederum die Torausbeute nicht optimal war. Nils Petersen traf per Kopfball erst die Latte, dann aber doch das Tor zum 2:0. Spannend machte es Aaron Hunt, der den ersten der beiden Elfmeter gegen den HSV zu lasch schoss, sodass Ren\u00e9 Adler den Ball halten konnte, dann aber Wagemut bewies und auch zum zweiter Elfer antrat und diesen verwandelte. Zum Saisonauftakt spielt Aaron Hunt wirklich hervorragend, \u00fcbernimmt Verantwortung und k\u00f6nnte sich so zur\u00fcck in die Nationalmannschaft spielen. Hoffen wir, dass sein Leistungshoch weiterhin anh\u00e4lt. Kevin De Bruyne zeigte gute Ans\u00e4tze und begann stark, tauchte dann aber zeitweise unter. Marko Arnautovic spielte auf Rechtsau\u00dfen einen guten Part, muss aber noch etwas ruhiger werden, dann k\u00f6nnte er eines Tages doch endlich zeigen, dass er ein \u201aGro\u00dfer\u2019 ist (spielerisch, nicht nur von der \u201agro\u00dfen\u2019 Klappe her).<\/p>\n<p><img src=\"https:\/\/www.willizblog.de\/blogpicts\/werder_sinking_ship.jpg\" alt=\"Aufbruch nach dem Umbruch?\" title=\"Aufbruch nach dem Umbruch?\" \/><\/p>\n<p>Ein Schwachpunkt offenbart sich auf der linken Verteidigerseite von Werder, die diesmal mit Clemens Fritz, den eigentlichen Rechtsverteidiger bzw. Mittelfeldspieler, besetzt wurde. Trotz mehrerer Alternativen (Schmitz, Hartherz, Ignjovski) fehlt links immer noch eine Ideall\u00f6sung auf dieser Position (vielleicht doch Boenisch?).<\/p>\n<p>Nach der L\u00e4nderspielpause geht es am 15.09. nach Hannover, die mit der neuen Saison sehr zufrieden sein k\u00f6nnen: In der Liga zum Start auf Platz drei, in der Europa League fast problemlos die Gruppenphase erreicht. Hier kann Werder zeigen, dass man zun\u00e4chst im Norden wieder die Nummer eins sein m\u00f6chte.<\/p>\n<p>Und sonst so? Die Borussia aus Dortmund, Meister und DFB-Pokalsieger, ist nicht zu beneiden. In der Champions League hat sie mit Real Madrid, Manchester City und Ajax Amsterdam <a href=\"http:\/\/www.heute.de\/ZDF\/zdfportal\/web\/Sport\/4674\/24097340\/4b6e42\/Hammergruppe-f%C3%BCr-den-BVB.html\" target=\"_blank\">eine Hammergruppe<\/a> bekommen und darf jetzt beweisen, dass sie auch international ein Spitzenteam ist. Die Bayern haben erst einmal die Bundesligatabellenspitze \u00fcbernommen und mit <a href=\"http:\/\/www.heute.de\/ZDF\/zdfportal\/web\/Sport\/4674\/24109966\/fc10fd\/Die-Kampfansage-an-den-BVB-hei%C3%9Ft-Martinez.html\" target=\"_blank\">Javier Martinez<\/a> kurz vor Toresschluss den teuersten Transfer der Bundesliga get\u00e4tigt. F\u00fcr einen defensiven Mittelfeldmann ist das viel Holz. Die 40 Millionen Euro Transfersumme erscheinen mir \u00fcberh\u00f6ht. Es zeigt nur auf, welche Hektik bei den Bayern herrscht. Diese Art von Personalpolitik ist nach meiner Meinung nicht der richtige Weg. Wie w\u00e4re es mit einer vern\u00fcnftige Nachwuchsf\u00f6rderung?<\/p>\n<p>Und zuletzt: Nicht v\u00f6llig \u00fcberraschend ist die <a href=\"http:\/\/www.heute.de\/ZDF\/zdfportal\/web\/Sport\/4674\/24128290\/ac77bf\/Iniesta-ist-Europas-Fu%C3%9Fballer-des-Jahres.html\" target=\"_blank\">Wahl von Andres Iniesta zu Europas Fu\u00dfballspieler des Jahres<\/a> vor Weltfu\u00dfballer Lionel Messi und Cristiano Ronaldo. Iniesta hatte gro\u00dfen Anteil daran, dass Spanien erneut Europameister wurde. Auf Platz zehn kam \u00fcbrigens als einziger Deutscher in den Top Ten Mesut \u00d6zil. Gl\u00fcckwunsch!<\/p>\n<p>Am Freitag steigt die deutsche Fu\u00dfballnationalmannschaft in die <a href=\"https:\/\/de.wikipedia.org\/wiki\/Fu%C3%9Fball-Weltmeisterschaft_2014\/Qualifikation_%28UEFA%29#Gruppe_C\" target=\"_blank\">Qualifikation zur Fu\u00dfball-Weltmeisterschaft 2014<\/a> in Brasilein mit dem Spiel gegen die F\u00e4r\u00f6er ein. Am dann folgendem Dienstag geht es in Wien gegen \u00d6sterreich. Es ist abzuwarten, wie sich das deutsche Team nach der Europameisterschaft und der ungl\u00fcckliche Niederlage gegen Argentinien schl\u00e4gt. Alles andere als Siege f\u00fcr den <a href=\"http:\/\/de.fifa.com\/worldranking\/rankingtable\/index.html\" target=\"_blank\">Weltranglistenzweiten<\/a> w\u00e4ren eine Entt\u00e4uschung.<\/p>\n","protected":false},"excerpt":{"rendered":"<p>Nach dem Aus in der ersten Runde des DFB-Pokals kann sich der SV Werder Bremen voll und ganz auf die Fu\u00dfballbundesliga konzentrieren. Und wie es aussieht, l\u00e4uft es mit der neuen, auf vielen Positionen umgebrochenen Mannschaft ganz ordentlich. Beim deutschen Meister Borussia Dortmund musste man zwar eine ungl\u00fcckliche Niederlage einstecken. Aber die spielerischen Ans\u00e4tze lie\u00dfen &hellip; <a href=\"https:\/\/willizblog.de\/?p=6349\" class=\"more-link\"><span class=\"screen-reader-text\">Halbwegs effektiv<\/span> weiterlesen <span class=\"meta-nav\">&rarr;<\/span><\/a><\/p>\n","protected":false},"author":1,"featured_media":0,"comment_status":"open","ping_status":"open","sticky":false,"template":"","format":"standard","meta":[],"categories":[39,27],"tags":[],"_links":{"self":[{"href":"https:\/\/willizblog.de\/index.php?rest_route=\/wp\/v2\/posts\/6349"}],"collection":[{"href":"https:\/\/willizblog.de\/index.php?rest_route=\/wp\/v2\/posts"}],"about":[{"href":"https:\/\/willizblog.de\/index.php?rest_route=\/wp\/v2\/types\/post"}],"author":[{"embeddable":true,"href":"https:\/\/willizblog.de\/index.php?rest_route=\/wp\/v2\/users\/1"}],"replies":[{"embeddable":true,"href":"https:\/\/willizblog.de\/index.php?rest_route=%2Fwp%2Fv2%2Fcomments&post=6349"}],"version-history":[{"count":0,"href":"https:\/\/willizblog.de\/index.php?rest_route=\/wp\/v2\/posts\/6349\/revisions"}],"wp:attachment":[{"href":"https:\/\/willizblog.de\/index.php?rest_route=%2Fwp%2Fv2%2Fmedia&parent=6349"}],"wp:term":[{"taxonomy":"category","embeddable":true,"href":"https:\/\/willizblog.de\/index.php?rest_route=%2Fwp%2Fv2%2Fcategories&post=6349"},{"taxonomy":"post_tag","embeddable":true,"href":"https:\/\/willizblog.de\/index.php?rest_route=%2Fwp%2Fv2%2Ftags&post=6349"}],"curies":[{"name":"wp","href":"https:\/\/api.w.org\/{rel}","templated":true}]}}