{"id":6373,"date":"2012-09-10T09:25:23","date_gmt":"2012-09-10T07:25:23","guid":{"rendered":"http:\/\/www.willizblog.de\/?p=6373"},"modified":"2012-09-10T09:30:01","modified_gmt":"2012-09-10T07:30:01","slug":"scharfes-aus-dem-garten","status":"publish","type":"post","link":"https:\/\/willizblog.de\/?p=6373","title":{"rendered":"Scharfes aus dem Garten"},"content":{"rendered":"<p>Vor zwei Monaten standen unsere <a href=\"https:\/\/www.willizblog.de\/?p=6247\" target=\"_blank\">Tomaten in Bl\u00fcte<\/a>. Jetzt tragen die drei Pflanzen schon viele Fr\u00fcchte, gro\u00dfe und kleine. Wenn die ersten dann hoffentlich bald rot werden, k\u00f6nnen wir mit der Ernte beginnen. Im Wohnzimmer hat meine Frau im Fr\u00fchjahr Paprika ausges\u00e4t. Inzwischen tr\u00e4gt die Pflanze erste kleine Fr\u00fcchte. Viele werden wir sicherlich nicht ernten, aber immerhin &#8230;<\/p>\n<p>Und manchmal m\u00f6gen wir es scharf. Da kommt uns eine Chili-Pflanze gerade recht. Diese tr\u00e4gt schon erste erntbare Fr\u00fcchte. Gucken wir mal, ob wir beim Kochkurs, den ich am Donnerstag mit meinem j\u00fcngeren Sohn im <a href=\"http:\/\/www.ewe.de\/ewe-ist-mehr\/vortragsreihe-kc-tostedt.php\" target=\"_blank\">KundenCenter unseres Energie- und Telekommunikationsanbieters<\/a> besuchen werde (M\u00e4nner kochen mit EWE: <strong>Spanische K\u00fcche &#8211; Tortilla, Tapas und Co.<\/strong>), geeignete Rezepte finden, um die kleinen scharfen Schoten zum Einsatz kommen zu lassen. Ansonsten tut es auch ein <a href=\"https:\/\/de.wikipedia.org\/wiki\/Chili_con_Carne\" target=\"_blank\">Chili con Carne<\/a> (oder <em>Chili sin Carne<\/em> mit Tofu statt Fleisch \u2013 also eigentlich <em>Chili con Tofu<\/em>).<\/p>\n<table border=\"0\" cellpadding=\"4\" cellspacing=\"0\" width=\"100%\">\n<tr>\n<td width=\"50%\">\n<p align=\"center\"><img loading=\"lazy\" border=\"0\" src=\"https:\/\/www.willizblog.de\/images\/garten2012_09_01.jpg\" alt=\"Tomaten in AlbinZ Garten\" title=\"Tomaten in AlbinZ Garten\" width=\"270\" height=\"203\"><\/td>\n<td width=\"50%\" rowspan=\"2\">\n<p align=\"center\"><img loading=\"lazy\" border=\"0\" src=\"https:\/\/www.willizblog.de\/images\/garten2012_09_03.jpg\" alt=\"Chilipflanze in AlbinZ Garten\" title=\"Chilipflanze in AlbinZ Garten\" width=\"202\" height=\"270\"><\/td>\n<\/tr>\n<tr>\n<td width=\"50%\">\n<p align=\"center\"><img loading=\"lazy\" border=\"0\" src=\"https:\/\/www.willizblog.de\/images\/garten2012_09_02.jpg\" alt=\"Paprikapflanze in AlbinZ Wohnzimmer\" title=\"Paprikapflanze in AlbinZ Wohnzimmer\" width=\"270\" height=\"203\"><\/td>\n<\/tr>\n<tr>\n<td width=\"100%\" colspan=\"2\">\n<p align=\"center\"><font face=\"Lucida Grande, Lucida Sans Unicode, Verdana, sans-serif\" size=\"2\">&#8230; alles gr\u00fcn: Tomaten und Paprika- und Chilipflanze<\/font><\/td>\n<\/tr>\n<\/table>\n","protected":false},"excerpt":{"rendered":"<p>Vor zwei Monaten standen unsere Tomaten in Bl\u00fcte. Jetzt tragen die drei Pflanzen schon viele Fr\u00fcchte, gro\u00dfe und kleine. Wenn die ersten dann hoffentlich bald rot werden, k\u00f6nnen wir mit der Ernte beginnen. Im Wohnzimmer hat meine Frau im Fr\u00fchjahr Paprika ausges\u00e4t. Inzwischen tr\u00e4gt die Pflanze erste kleine Fr\u00fcchte. Viele werden wir sicherlich nicht ernten, &hellip; <a href=\"https:\/\/willizblog.de\/?p=6373\" class=\"more-link\"><span class=\"screen-reader-text\">Scharfes aus dem Garten<\/span> weiterlesen <span class=\"meta-nav\">&rarr;<\/span><\/a><\/p>\n","protected":false},"author":1,"featured_media":0,"comment_status":"open","ping_status":"open","sticky":false,"template":"","format":"standard","meta":[],"categories":[1,16],"tags":[],"_links":{"self":[{"href":"https:\/\/willizblog.de\/index.php?rest_route=\/wp\/v2\/posts\/6373"}],"collection":[{"href":"https:\/\/willizblog.de\/index.php?rest_route=\/wp\/v2\/posts"}],"about":[{"href":"https:\/\/willizblog.de\/index.php?rest_route=\/wp\/v2\/types\/post"}],"author":[{"embeddable":true,"href":"https:\/\/willizblog.de\/index.php?rest_route=\/wp\/v2\/users\/1"}],"replies":[{"embeddable":true,"href":"https:\/\/willizblog.de\/index.php?rest_route=%2Fwp%2Fv2%2Fcomments&post=6373"}],"version-history":[{"count":0,"href":"https:\/\/willizblog.de\/index.php?rest_route=\/wp\/v2\/posts\/6373\/revisions"}],"wp:attachment":[{"href":"https:\/\/willizblog.de\/index.php?rest_route=%2Fwp%2Fv2%2Fmedia&parent=6373"}],"wp:term":[{"taxonomy":"category","embeddable":true,"href":"https:\/\/willizblog.de\/index.php?rest_route=%2Fwp%2Fv2%2Fcategories&post=6373"},{"taxonomy":"post_tag","embeddable":true,"href":"https:\/\/willizblog.de\/index.php?rest_route=%2Fwp%2Fv2%2Ftags&post=6373"}],"curies":[{"name":"wp","href":"https:\/\/api.w.org\/{rel}","templated":true}]}}