{"id":6377,"date":"2012-09-12T08:01:40","date_gmt":"2012-09-12T06:01:40","guid":{"rendered":"http:\/\/www.willizblog.de\/?p=6377"},"modified":"2012-09-12T14:15:32","modified_gmt":"2012-09-12T12:15:32","slug":"geburtstagsfeier-mit-heinz","status":"publish","type":"post","link":"https:\/\/willizblog.de\/?p=6377","title":{"rendered":"Geburtstagsfeier mit Heinz"},"content":{"rendered":"<p>Das Wetter war pr\u00e4chtig, <a href=\"https:\/\/www.willizblog.de\/?p=6349\" target=\"_blank\">Werder gewann verdienterma\u00dfen gegen den HSV<\/a>, da stand einer fr\u00f6hlichen Geburtstagfeier nichts mehr im Wege. Am Samstag, den 1. September, trafen sich Verwandte, Freunde und Bekannte, um <a href=\"https:\/\/www.willizblog.de\/?p=6338\" target=\"_blank\">Heinz\u2019 70. Geburtstag<\/a> im <a href=\"http:\/\/kgv-nuernberg.de\/\" target=\"_blank\">Vereinsheim des Kleing\u00e4rtnerverein N\u00fcrnberg e.V.<\/a> in der Salzburger Stra\u00dfe in Bremen zu feiern.<\/p>\n<p>Von Heinz\u2019 Sohn und dessen Kumpeln gab es musikalisch einiges auf die Ohren. Und dessen Sohn Daniel, also Heinz\u2019 Enkel, brachte gewisserma\u00dfen ein St\u00e4ndchen zum besten. Das Essen war hausbacken und lecker, die Getr\u00e4nke wohl temperiert. Ich hatte f\u00fcr alle F\u00e4lle meine Videokamera mit und habe vieles festhalten k\u00f6nnen. Hier nur ein kleiner Ausschnitt &#8230;<\/p>\n<p><iframe loading=\"lazy\" width=\"540\" height=\"405\" src=\"https:\/\/www.youtube.com\/embed\/oqwDbg77D30\" frameborder=\"0\" allowfullscreen><\/iframe><br \/>\nHeinz wird 70 &#8211; Feier im Landhaus N\u00fcrnberg am 01.09.2012 &#8211; Ausschnitt<\/p>\n<p>Nochmals Dank f\u00fcr die Einladung und nochmals alles Gute f\u00fcr die n\u00e4chsten zehn Lebensjahre, <strong>lieber Heinz!<\/strong><\/p>\n","protected":false},"excerpt":{"rendered":"<p>Das Wetter war pr\u00e4chtig, Werder gewann verdienterma\u00dfen gegen den HSV, da stand einer fr\u00f6hlichen Geburtstagfeier nichts mehr im Wege. Am Samstag, den 1. September, trafen sich Verwandte, Freunde und Bekannte, um Heinz\u2019 70. Geburtstag im Vereinsheim des Kleing\u00e4rtnerverein N\u00fcrnberg e.V. in der Salzburger Stra\u00dfe in Bremen zu feiern. Von Heinz\u2019 Sohn und dessen Kumpeln gab &hellip; <a href=\"https:\/\/willizblog.de\/?p=6377\" class=\"more-link\"><span class=\"screen-reader-text\">Geburtstagsfeier mit Heinz<\/span> weiterlesen <span class=\"meta-nav\">&rarr;<\/span><\/a><\/p>\n","protected":false},"author":1,"featured_media":0,"comment_status":"open","ping_status":"open","sticky":false,"template":"","format":"standard","meta":[],"categories":[66],"tags":[],"_links":{"self":[{"href":"https:\/\/willizblog.de\/index.php?rest_route=\/wp\/v2\/posts\/6377"}],"collection":[{"href":"https:\/\/willizblog.de\/index.php?rest_route=\/wp\/v2\/posts"}],"about":[{"href":"https:\/\/willizblog.de\/index.php?rest_route=\/wp\/v2\/types\/post"}],"author":[{"embeddable":true,"href":"https:\/\/willizblog.de\/index.php?rest_route=\/wp\/v2\/users\/1"}],"replies":[{"embeddable":true,"href":"https:\/\/willizblog.de\/index.php?rest_route=%2Fwp%2Fv2%2Fcomments&post=6377"}],"version-history":[{"count":0,"href":"https:\/\/willizblog.de\/index.php?rest_route=\/wp\/v2\/posts\/6377\/revisions"}],"wp:attachment":[{"href":"https:\/\/willizblog.de\/index.php?rest_route=%2Fwp%2Fv2%2Fmedia&parent=6377"}],"wp:term":[{"taxonomy":"category","embeddable":true,"href":"https:\/\/willizblog.de\/index.php?rest_route=%2Fwp%2Fv2%2Fcategories&post=6377"},{"taxonomy":"post_tag","embeddable":true,"href":"https:\/\/willizblog.de\/index.php?rest_route=%2Fwp%2Fv2%2Ftags&post=6377"}],"curies":[{"name":"wp","href":"https:\/\/api.w.org\/{rel}","templated":true}]}}