{"id":6385,"date":"2012-09-14T08:01:46","date_gmt":"2012-09-14T06:01:46","guid":{"rendered":"http:\/\/www.willizblog.de\/?p=6385"},"modified":"2020-03-04T15:57:45","modified_gmt":"2020-03-04T15:57:45","slug":"wochenmarkte","status":"publish","type":"post","link":"https:\/\/willizblog.de\/?p=6385","title":{"rendered":"Wochenm\u00e4rkte"},"content":{"rendered":"<p><a href=\"https:\/\/maps.google.de\/help\/maps\/streetview\/\" target=\"_blank\" rel=\"noopener noreferrer\">Google Street View<\/a> ist ein sch\u00f6nes Spielzeug und immerhin f\u00fcr 20 der gr\u00f6\u00dften St\u00e4dte in Deutschland aufrufbar. Heute habe ich mich einmal auf die Suche nach <a href=\"http:\/\/www.google.de\/search?q=wochenmarkt&#038;hl=de&#038;tbm=isch&#038;source=lnms&#038;sa=X&#038;ei=NcxNUIfnKcawhAf4toHoCA&#038;ved=0CAoQ_AUoAQ&#038;biw=1152&#038;bih=650\" target=\"_blank\" rel=\"noopener noreferrer\">Wochenm\u00e4rkten<\/a> gemacht, die f\u00fcr mich ein ganz besonderes Flair besitzen (\u00fcber die entsprechenden Links wird Google Street View aufgerufen).<\/p>\n<p>Schon als Kind war ich mit meiner Mutter auf Wochenm\u00e4rkten einkaufen gegangen. Heute f\u00e4hrt meine Frau jeden Freitag mit dem Fahrrad <a href=\"https:\/\/www.tostedt.de\/portal\/seiten\/wochenmarkt-912000280-20240.html\" target=\"_blank\" rel=\"noopener noreferrer\">zu unserem Wochenmarkt<\/a> <em>Am Sande<\/em> in Tostedt, wo au\u00dfer freitags auch noch am Dienstag frisches Gem\u00fcse und Obst, Fleisch, K\u00e4se, s\u00fcdl\u00e4ndische Spezialit\u00e4ten und vieles mehr (meist aus der Region, nat\u00fcrlich auch aus \u00f6kologischem Anbau) angeboten wird.<\/p>\n<p>Beginnen m\u00f6chte ich mit <em>Bremen<\/em>. Dort wohnte ich rund 25 Jahre. Noch als kleines Kind ging ich meist an einem Samstag mit meiner Mutter aus der Neustadt kommend \u00fcber den <a href=\"https:\/\/maps.google.de\/maps?oe=utf-8&amp;client=firefox-a&amp;q=bremen+domshof&amp;ie=UTF8&amp;hq=&amp;hnear=Domshof,+28195+Bremen&amp;gl=de&amp;t=h&amp;layer=c&amp;cbll=53.076873,8.810314&amp;panoid=yhDSot7rrTgQxEXXlMgiSQ&amp;cbp=13,231.81,,0,-10.76&amp;ll=53.069354,8.814383&amp;spn=0.01444,0.046349&amp;z=14&amp;source=embed\" style=\"color:#0000FF;text-align:left\" target=\"_blank\" rel=\"noopener noreferrer\">Wochenmarkt auf dem Domshof<\/a> in der Innenstadt zum Einkaufen. Besonders erinnere ich mich dabei an St\u00e4nde, an denen man lebendige Tiere, z.B. kleine H\u00fchnerk\u00fcken kaufen konnte. Heute ist das erst gar nicht mehr zul\u00e4ssig. Aber auch heute noch findet dort <a href=\"http:\/\/domshof-markt.de\/Domshof_Wochenmarkt.html\" target=\"_blank\" rel=\"noopener noreferrer\">auf dem Domshof<\/a> von Montag bis Samstag Wochenmarkt statt.<\/p>\n<p><img src=\"https:\/\/www.willizblog.de\/images\/wochenmarkt_bremen_domsheide.jpg\" alt=\"Wochenmarkt Bremen Domshof\" title=\"Wochenmarkt Bremen Domshof\" \/><\/p>\n<p>Okay, Google Street View \u201abietet\u2019 keine Bilder vom Wochenmarkt auf dem Domshof. Im schulpflichtigen Alter zog ich dann mit Eltern und Geschwistern nach Bremen-Gr\u00f6pelingen. Dort war ein <a href=\"https:\/\/maps.google.de\/maps?oe=utf-8&amp;client=firefox-a&amp;q=bremen+pastorenweg&amp;ie=UTF8&amp;hq=&amp;hnear=Pastorenweg,+28237+Bremen&amp;gl=de&amp;t=h&amp;layer=c&amp;cbll=53.113593,8.75959&amp;panoid=pYriBxTKSNdEINvjvATPhg&amp;cbp=13,183.26,,0,3&amp;source=embed&amp;ll=53.104666,8.767776&amp;spn=0.014428,0.046349&amp;z=14\" style=\"color:#0000FF;text-align:left\" target=\"_blank\" rel=\"noopener noreferrer\">Wochenmarkt am Pastorenweg<\/a> und ich musste mit meiner Mutter immer ein ganz sch\u00f6n langes St\u00fcck Wegstrecke zu Fu\u00df zur\u00fccklegen. Ich bin aber trotzdem immer gern mitgegangen, weil ich es auf dem Wochenmarkt einfach interessant fand.<\/p>\n<p>Zuletzt wohnte ich lange Zeit wieder in der Bremer Neustadt. Dort gab und gibt es heute noch einen kleinen <a href=\"https:\/\/maps.google.de\/maps?f=q&amp;source=embed&amp;hl=de&amp;geocode=&amp;q=bremen+euckenstra%C3%9Fe&amp;aq=&amp;sll=53.113593,8.75959&amp;sspn=0.00747,0.016544&amp;t=h&amp;gl=de&amp;ie=UTF8&amp;hq=&amp;hnear=Euckenstra%C3%9Fe,+28201+Bremen&amp;layer=c&amp;cbll=53.06763,8.791475&amp;panoid=vImuGp8EM1fzdip-mrYsCA&amp;cbp=13,272.58,,0,6.76&amp;ll=53.063475,8.791466&amp;spn=0.014442,0.046349&amp;z=14\" style=\"color:#0000FF;text-align:left\" target=\"_blank\" rel=\"noopener noreferrer\">Wochenmarkt in der Delmestra\u00dfe\/Ecke Pappelstra\u00dfe<\/a>.<\/p>\n<p>Der wohl interessanteste Wochenmarkt, den ich kenne, ist einer in <a href=\"http:\/\/www.hamburger-wochenmaerkte.de\/\" target=\"_blank\" rel=\"noopener noreferrer\">Hamburg<\/a>. Und zwar in der <a href=\"https:\/\/maps.google.de\/maps?f=q&amp;source=embed&amp;hl=de&amp;geocode=&amp;q=isestra%C3%9Fe,+Hamburg&amp;aq=&amp;sll=53.575334,9.948699&amp;sspn=0.007339,0.016544&amp;t=h&amp;gl=de&amp;ie=UTF8&amp;hq=&amp;hnear=Isestra%C3%9Fe,+Hamburg&amp;layer=c&amp;cbll=53.581767,9.982615&amp;panoid=oEO1bfIuCCgurYGXgVpjmw&amp;cbp=13,291.16,,0,5.6&amp;ll=53.577601,9.982538&amp;spn=0.014269,0.046349&amp;z=14\" style=\"color:#0000FF;text-align:left\" target=\"_blank\" rel=\"noopener noreferrer\">Isestra\u00dfe<\/a>, direkt unterhalb der S-Bahn, jeden Dienstag und Freitag am Vormittag.<\/p>\n<p>Da ich in der N\u00e4he der U- und S-Bahnstation \u201eAm Schlump\u201c in Hamburg-Eimsb\u00fcttel arbeite, gehe ich \u00f6fter zum <a href=\"https:\/\/maps.google.de\/maps?f=q&amp;source=embed&amp;hl=de&amp;geocode=&amp;q=hamburg+am+schlump&amp;aq=&amp;sll=53.578283,9.942906&amp;sspn=0.001847,0.004136&amp;t=h&amp;gl=de&amp;ie=UTF8&amp;hq=&amp;hnear=Schlump&amp;layer=c&amp;cbll=53.568884,9.970734&amp;panoid=-D1PSZ0YwdeCTgeWwIWRRg&amp;cbp=13,219.92,,0,3.68&amp;ll=53.560781,9.975071&amp;spn=0.014275,0.046349&amp;z=14\" style=\"color:#0000FF;text-align:left\" target=\"_blank\" rel=\"noopener noreferrer\">Wochenmarkt in der Gustav-Falke-Stra\u00dfe<\/a>, gleich um die Ecke.<\/p>\n<p>Als ich mit meiner Familie in Hamburg-Niendorf lebte, kauften wir auf dem Wochenmarkt auf dem Tibarg ein. <a href=\"http:\/\/www.tibarg.de\/\" target=\"_blank\" rel=\"noopener noreferrer\">Rund um den Tibarg<\/a> gibt es au\u00dferdem jede Menge Gesch\u00e4fte. Und inzwischen, nachdem wir l\u00e4ngst weggezogen sind, gibt es auch das <a href=\"http:\/\/www.tibarg-center.de\/\" target=\"_blank\" rel=\"noopener noreferrer\">Tibarg Center<\/a>.<\/p>\n<p>Noch etwas aus jungen Jahren: Heute wie damals gibt es so genannte fliegende H\u00e4ndler, die nicht nur auf Wochenm\u00e4rkten zu finden sind, sondern die auch mit ihren fahrbaren L\u00e4den \u00fcber die D\u00f6rfer kutschieren, um ihre Waren zu verkaufen. Bei uns in Tostedt kommt im bestimmten Zeitabschnitt (ich denke einmal w\u00f6chentlich) ein H\u00e4ndler vorbei, der Gefl\u00fcgel verkauft. Bevor man ihn sieht, h\u00f6rt man schon den \u201aHahnenschrei\u2019 aus der Ferne. Wat dat nich all gift? In der Bremer Neustadt nun gab es vor vielen Jahren einen H\u00e4ndler mit einem W\u00e4gelchen, der haupts\u00e4chlich <a href=\"https:\/\/de.wikipedia.org\/wiki\/Nordseegarnele\" target=\"_blank\" rel=\"noopener noreferrer\">Krabben<\/a> verkaufte. In Bremen nennt man diese kleinen wohlschmeckenden Nordseegranelen auch Granat. Und so h\u00f6re ich heute noch seinen Ausruf: <em>\u201eGranat, Granat, frischen Granat!\u201c<\/em><\/p>\n","protected":false},"excerpt":{"rendered":"<p>Google Street View ist ein sch\u00f6nes Spielzeug und immerhin f\u00fcr 20 der gr\u00f6\u00dften St\u00e4dte in Deutschland aufrufbar. Heute habe ich mich einmal auf die Suche nach Wochenm\u00e4rkten gemacht, die f\u00fcr mich ein ganz besonderes Flair besitzen (\u00fcber die entsprechenden Links wird Google Street View aufgerufen). Schon als Kind war ich mit meiner Mutter auf Wochenm\u00e4rkten &hellip; <a href=\"https:\/\/willizblog.de\/?p=6385\" class=\"more-link\"><span class=\"screen-reader-text\">Wochenm\u00e4rkte<\/span> weiterlesen <span class=\"meta-nav\">&rarr;<\/span><\/a><\/p>\n","protected":false},"author":1,"featured_media":0,"comment_status":"open","ping_status":"open","sticky":false,"template":"","format":"standard","meta":[],"categories":[20],"tags":[],"_links":{"self":[{"href":"https:\/\/willizblog.de\/index.php?rest_route=\/wp\/v2\/posts\/6385"}],"collection":[{"href":"https:\/\/willizblog.de\/index.php?rest_route=\/wp\/v2\/posts"}],"about":[{"href":"https:\/\/willizblog.de\/index.php?rest_route=\/wp\/v2\/types\/post"}],"author":[{"embeddable":true,"href":"https:\/\/willizblog.de\/index.php?rest_route=\/wp\/v2\/users\/1"}],"replies":[{"embeddable":true,"href":"https:\/\/willizblog.de\/index.php?rest_route=%2Fwp%2Fv2%2Fcomments&post=6385"}],"version-history":[{"count":0,"href":"https:\/\/willizblog.de\/index.php?rest_route=\/wp\/v2\/posts\/6385\/revisions"}],"wp:attachment":[{"href":"https:\/\/willizblog.de\/index.php?rest_route=%2Fwp%2Fv2%2Fmedia&parent=6385"}],"wp:term":[{"taxonomy":"category","embeddable":true,"href":"https:\/\/willizblog.de\/index.php?rest_route=%2Fwp%2Fv2%2Fcategories&post=6385"},{"taxonomy":"post_tag","embeddable":true,"href":"https:\/\/willizblog.de\/index.php?rest_route=%2Fwp%2Fv2%2Ftags&post=6385"}],"curies":[{"name":"wp","href":"https:\/\/api.w.org\/{rel}","templated":true}]}}