{"id":6403,"date":"2012-09-17T10:16:51","date_gmt":"2012-09-17T08:16:51","guid":{"rendered":"http:\/\/www.willizblog.de\/?p=6403"},"modified":"2012-09-17T10:23:26","modified_gmt":"2012-09-17T08:23:26","slug":"wenn-manner-kochen","status":"publish","type":"post","link":"https:\/\/willizblog.de\/?p=6403","title":{"rendered":"Wenn M\u00e4nner kochen &#8230;"},"content":{"rendered":"<p>Am vergangenen Donnerstag war ich mit meinem j\u00fcngeren Sohn, der gern kocht und ern\u00e4hrungswissenschaftliche Ambitionen hat, im <a href=\"http:\/\/www.ewe.de\/ewe-ist-mehr\/vortragsreihe-kc-tostedt.php\" target=\"_blank\">KundenCenter unseres Energie- und Telekommunikationsanbieters<\/a> bei einem kostenlosen Kochkurs: M\u00e4nner kochen mit EWE: <strong>Spanische K\u00fcche &#8211; Tortilla, Tapas und Co.<\/strong>). Kochkurs ist vielleicht etwas \u00fcbertrieben. Die knapp 20 jungen und \u00e4lteren M\u00e4nner wurden in Gruppen aufgeteilt und durften die acht Rezepte \u201ain Eigenregie\u2019, allerdings mit tatkr\u00e4ftiger Unterst\u00fctzung von drei Damen, in Essbares umsetzen (<a href=\"https:\/\/de.wikipedia.org\/wiki\/Learning_by_Doing\" target=\"_blank\">\u201eLearning by Doing\u201c<\/a> nennt man das heute), was am Ende dann auch allen gelang (\u00fcbrigens kam auch <a href=\"https:\/\/www.willizblog.de\/?p=6373\" target=\"_blank\">Scharfes, wie wir es in unserem Garten haben<\/a>, zum Einsatz: Chilischoten).<\/p>\n<p>Am Schluss durften wie das Ganze dann auch noch vertilgen. Es hat alles ganz lecker geschmeckt.<\/p>\n<p>Zun\u00e4chst gab es eine <a href=\"http:\/\/www.daskochrezept.de\/rezepte\/andalusische-mandelsuppe_50743.html\" target=\"_blank\">andalusische Mandelsuppe<\/a>. Das klingt etwas ungew\u00f6hnlich, schmeckte aber ausgezeichnet. Danach gab es <a href=\"https:\/\/de.wikipedia.org\/wiki\/Tortilla_%28Spanien%29\" target=\"_blank\">Tortilla<\/a> mit Spinat (war leider etwas zu fade) und diverse <a href=\"https:\/\/de.wikipedia.org\/wiki\/Tapa_%28Gericht%29\" target=\"_blank\">Tapas<\/a>:<\/p>\n<p><a href=\"https:\/\/de.wikipedia.org\/wiki\/Chorizo\" target=\"_blank\">Chorizo<\/a> in Apfelscheiben und in <a href=\"https:\/\/de.wikipedia.org\/wiki\/Apfelschaumwein#Spanien\" target=\"_blank\">Sidra<\/a> ged\u00fcnstet<br \/>\nHackb\u00e4llchen in scharfer Tomatenso\u00dfe<br \/>\nSalzkartoffeln (papas arrugadas) mit <a href=\"https:\/\/de.wikipedia.org\/wiki\/Kanarische_K%C3%BCche#Mojos\" target=\"_blank\">Mojo-So\u00dfen<\/a> (verde &#038; rojo)<br \/>\n<a href=\"http:\/\/www.chefkoch.de\/rezepte\/1020841207307582\/Pflaumen-im-Schinkenmantel-mit-Tomaten-Paprika-Dip.html\" target=\"_blank\">Pflaumen im Serrano-Schinken-Mantel mit Tomaten-Paprika-Dip<\/a><br \/>\nChampignons in Sherry<\/p>\n<p>Zuletzt gab es einen <a href=\"http:\/\/www.chefkoch.de\/rezepte\/82381032186631\/Spanischer-Mandelkuchen.html\" target=\"_blank\">spanischen Mandelkuchen<\/a>, f\u00fcr den ich mit meinem Sohn verantwortlich zeichneten. Ich denke, der ist uns ganz gut gelungen (optisch, denn das Auge isst bekanntlich mit, wie geschmacklich).<\/p>\n<p>Die ganze Koch- und Backarie habe ich dann auch noch im Video festgehalten. Am Schluss sieht man dann auch noch die Gerichte \u201ain Vollendung\u2019:<\/p>\n<p><iframe loading=\"lazy\" width=\"540\" height=\"405\" src=\"https:\/\/www.youtube.com\/embed\/rYAg3wTk4wA\" frameborder=\"0\" allowfullscreen><\/iframe><br \/>\nWenn M\u00e4nner kochen &#8211; Tostedt (13.09.2012)<\/p>\n<p>\u00dcbrigens besucht mein Sohn (diesmal mit meiner Frau) auch den n\u00e4chsten Kochkurs, der am 17.10. stattfindet: Kochen mit EWE: <strong>Gr\u00fc\u00dfe aus Asien &#8211; Sushi, Wok und Suppen<\/strong><\/p>\n","protected":false},"excerpt":{"rendered":"<p>Am vergangenen Donnerstag war ich mit meinem j\u00fcngeren Sohn, der gern kocht und ern\u00e4hrungswissenschaftliche Ambitionen hat, im KundenCenter unseres Energie- und Telekommunikationsanbieters bei einem kostenlosen Kochkurs: M\u00e4nner kochen mit EWE: Spanische K\u00fcche &#8211; Tortilla, Tapas und Co.). Kochkurs ist vielleicht etwas \u00fcbertrieben. Die knapp 20 jungen und \u00e4lteren M\u00e4nner wurden in Gruppen aufgeteilt und durften &hellip; <a href=\"https:\/\/willizblog.de\/?p=6403\" class=\"more-link\"><span class=\"screen-reader-text\">Wenn M\u00e4nner kochen &#8230;<\/span> weiterlesen <span class=\"meta-nav\">&rarr;<\/span><\/a><\/p>\n","protected":false},"author":1,"featured_media":0,"comment_status":"open","ping_status":"open","sticky":false,"template":"","format":"standard","meta":[],"categories":[1],"tags":[],"_links":{"self":[{"href":"https:\/\/willizblog.de\/index.php?rest_route=\/wp\/v2\/posts\/6403"}],"collection":[{"href":"https:\/\/willizblog.de\/index.php?rest_route=\/wp\/v2\/posts"}],"about":[{"href":"https:\/\/willizblog.de\/index.php?rest_route=\/wp\/v2\/types\/post"}],"author":[{"embeddable":true,"href":"https:\/\/willizblog.de\/index.php?rest_route=\/wp\/v2\/users\/1"}],"replies":[{"embeddable":true,"href":"https:\/\/willizblog.de\/index.php?rest_route=%2Fwp%2Fv2%2Fcomments&post=6403"}],"version-history":[{"count":0,"href":"https:\/\/willizblog.de\/index.php?rest_route=\/wp\/v2\/posts\/6403\/revisions"}],"wp:attachment":[{"href":"https:\/\/willizblog.de\/index.php?rest_route=%2Fwp%2Fv2%2Fmedia&parent=6403"}],"wp:term":[{"taxonomy":"category","embeddable":true,"href":"https:\/\/willizblog.de\/index.php?rest_route=%2Fwp%2Fv2%2Fcategories&post=6403"},{"taxonomy":"post_tag","embeddable":true,"href":"https:\/\/willizblog.de\/index.php?rest_route=%2Fwp%2Fv2%2Ftags&post=6403"}],"curies":[{"name":"wp","href":"https:\/\/api.w.org\/{rel}","templated":true}]}}