{"id":6426,"date":"2012-09-23T16:47:35","date_gmt":"2012-09-23T14:47:35","guid":{"rendered":"http:\/\/www.willizblog.de\/?p=6426"},"modified":"2012-09-25T06:42:15","modified_gmt":"2012-09-25T04:42:15","slug":"astern-die-herbstblumen","status":"publish","type":"post","link":"https:\/\/willizblog.de\/?p=6426","title":{"rendered":"Dahlien, die Herbstblumen"},"content":{"rendered":"<p>Wir haben keine Rosen im Garten. Daf\u00fcr bl\u00fchen jetzt die <a href=\"https:\/\/de.wikipedia.org\/wiki\/Dahlien\" target=\"_blank\">Dahlien<\/a> (aus der Familie der Korbbl\u00fctler (Asteraceae)), die f\u00fcr mich die Rosen des Herbstes sind. Ihr Gr\u00fcn ist vielleicht nicht gerade sch\u00f6n. Daf\u00fcr gefallen mir ihre gro\u00dfen Bl\u00fcten. Herbst war schon als Kind f\u00fcr mich eine Zeit der Dahlienbl\u00fcte. In ihnen verbinden sich alle herbliche Farben von gelb \u00fcber braun bis zu rot.<\/p>\n<table border=\"0\" cellpadding=\"4\" cellspacing=\"0\" width=\"100%\">\n<tr>\n<td width=\"50%\">\n<p align=\"center\"><img loading=\"lazy\" border=\"0\" src=\"https:\/\/www.willizblog.de\/images\/garten2012_09_astern01.jpg\" alt=\"Dahlien in AlbinZ Garten - September 2012\" title=\"Dahlien in AlbinZ Garten - September 2012\" width=\"270\" height=\"203\"><\/td>\n<td width=\"50%\">\n<p align=\"center\"><img loading=\"lazy\" border=\"0\" src=\"https:\/\/www.willizblog.de\/images\/garten2012_09_astern02.jpg\" alt=\"Dahlien in AlbinZ Garten - September 2012\" title=\"Dahlien in AlbinZ Garten - September 2012\" width=\"270\" height=\"203\"><\/td>\n<\/tr>\n<tr>\n<td width=\"100%\" colspan=\"2\">\n<p align=\"center\"><font face=\"Lucida Grande, Lucida Sans Unicode, Verdana, sans-serif\" size=\"2\">Dahlien in AlbinZ Garten &#8211; September 2012<\/font><\/td>\n<\/tr>\n<\/table>\n","protected":false},"excerpt":{"rendered":"<p>Wir haben keine Rosen im Garten. Daf\u00fcr bl\u00fchen jetzt die Dahlien (aus der Familie der Korbbl\u00fctler (Asteraceae)), die f\u00fcr mich die Rosen des Herbstes sind. Ihr Gr\u00fcn ist vielleicht nicht gerade sch\u00f6n. Daf\u00fcr gefallen mir ihre gro\u00dfen Bl\u00fcten. Herbst war schon als Kind f\u00fcr mich eine Zeit der Dahlienbl\u00fcte. In ihnen verbinden sich alle herbliche &hellip; <a href=\"https:\/\/willizblog.de\/?p=6426\" class=\"more-link\"><span class=\"screen-reader-text\">Dahlien, die Herbstblumen<\/span> weiterlesen <span class=\"meta-nav\">&rarr;<\/span><\/a><\/p>\n","protected":false},"author":1,"featured_media":0,"comment_status":"open","ping_status":"open","sticky":false,"template":"","format":"standard","meta":[],"categories":[16],"tags":[],"_links":{"self":[{"href":"https:\/\/willizblog.de\/index.php?rest_route=\/wp\/v2\/posts\/6426"}],"collection":[{"href":"https:\/\/willizblog.de\/index.php?rest_route=\/wp\/v2\/posts"}],"about":[{"href":"https:\/\/willizblog.de\/index.php?rest_route=\/wp\/v2\/types\/post"}],"author":[{"embeddable":true,"href":"https:\/\/willizblog.de\/index.php?rest_route=\/wp\/v2\/users\/1"}],"replies":[{"embeddable":true,"href":"https:\/\/willizblog.de\/index.php?rest_route=%2Fwp%2Fv2%2Fcomments&post=6426"}],"version-history":[{"count":0,"href":"https:\/\/willizblog.de\/index.php?rest_route=\/wp\/v2\/posts\/6426\/revisions"}],"wp:attachment":[{"href":"https:\/\/willizblog.de\/index.php?rest_route=%2Fwp%2Fv2%2Fmedia&parent=6426"}],"wp:term":[{"taxonomy":"category","embeddable":true,"href":"https:\/\/willizblog.de\/index.php?rest_route=%2Fwp%2Fv2%2Fcategories&post=6426"},{"taxonomy":"post_tag","embeddable":true,"href":"https:\/\/willizblog.de\/index.php?rest_route=%2Fwp%2Fv2%2Ftags&post=6426"}],"curies":[{"name":"wp","href":"https:\/\/api.w.org\/{rel}","templated":true}]}}