{"id":6435,"date":"2012-09-25T07:50:34","date_gmt":"2012-09-25T05:50:34","guid":{"rendered":"http:\/\/www.willizblog.de\/?p=6435"},"modified":"2012-09-25T07:56:56","modified_gmt":"2012-09-25T05:56:56","slug":"tostedt-ein-freibad-fur-ein-parkhaus-teil-2","status":"publish","type":"post","link":"https:\/\/willizblog.de\/?p=6435","title":{"rendered":"Tostedt: Ein Freibad f\u00fcr ein Parkhaus (Teil 2)"},"content":{"rendered":"<p>Keine Angst \u2013 es wird <strong>weiterhin das Freibad in Tostedt geben<\/strong>: <a href=\"https:\/\/www.willizblog.de\/?p=6041\" target=\"_blank\">B\u00fcrgerwille<\/a> hat die Politik zum Einlenken veranlasst. Auch der Herr Samtgemeindeb\u00fcrgermeister Dirk Bostelmann (CDU) \u201abekennt\u2019 sich, wenn auch mit innerlichem Widerwillen, zum Freibad. Aber <a href=\"https:\/\/www.willizblog.de\/?p=5842\" target=\"_blank\">ein Parkhaus wird es auch geben<\/a> \u2013 und einen <a href=\"http:\/\/www.twitlonger.com\/show\/jc88b1\" target=\"_blank\">neuen Kindergarten<\/a> gleich neben dem Jugendzentrum. Von Freib\u00e4dern, Parkdecks &#038; HVV-Tarifen, von Kitas und S-Bahnlinien bis Tostedt \u2013 k\u00f6nnte mein Beitrag auch gut lauten, denn irgendwie ist in Tostedt zum einen die Baulust ausgebrochen, zum anderen m\u00f6chten bestimmte Landkreispolitiker Tostedt via S-Bahn noch etwas n\u00e4her an Hamburg heranf\u00fchren. Da kommt die satte Fahrpreiserh\u00f6hung zum neuen Jahr gerade recht: <a href=\"http:\/\/www.abendblatt.de\/hamburg\/article109326235\/HVV-Tickets-Auch-Profi-Card-wird-teurer.html\" target=\"_blank\">die HVV erh\u00f6ht kr\u00e4ftig<\/a> um durchschnittlich 3,5 % die Preise &#8211; gerade wegen besonders im Landkreis Harburg deutlich gestiegener Fahrgastzahlen ist das ein Unding.<\/p>\n<p><img src=\"https:\/\/www.willizblog.de\/images\/schwimmbad_in_tostedt.jpg\" alt=\"Freibad Tostedt \u2013 Postkarte aus den 60er Jahren\" title=\"Freibad Tostedt \u2013 Postkarte aus den 60er Jahren\" \/><\/p>\n<p>Nun ums Freibad gab es lange ein gro\u00dfes Trara mit B\u00fcrgerbefragung usw. Zwar soll das Freibad weiterhin bestehen bleiben, aber die eigentliche notwendige Sanierung ist auf die lange Bank geschoben. Vorerst werden <a href=\"http:\/\/www.twitlonger.com\/show\/jbjbve\" target=\"_blank\">lediglich die nur unbedingt notwendigen Instandhaltungsarbeiten<\/a> durchgef\u00fchrt, mehr nicht. Daf\u00fcr gab es <a href=\"http:\/\/www.twitlonger.com\/show\/jdf7ln\" target=\"_blank\">um das Parkhaus<\/a> direkt am Bahnhof keinen Protest. Der Deutschen liebstes Spielzeug ist und bleibt eben das Auto! Und daf\u00fcr tut man alles &#8230; Die Verwaltung sch\u00e4tzt die Gesamtkosten des Projekts auf 4,1 Millionen Euro, die \u00fcber F\u00f6rdergelder der nieders\u00e4chsischen Landesnahverkehrsgesellschaft (LNVG) mit 2,2 Millionen Euro mitfinanziert werden sollen (\u00fcbrigens auch unsere Steuergelder!). Der F\u00f6rderantrag ist gestellt. So darf der Tostedter Steuerzahler immerhin noch 1,9 Millionen Euro f\u00fcr ein Projekt aufbringen, dass vor allem auch Nichttostedtern zugute kommt.<\/p>\n<p>Hierzu <a href=\"https:\/\/www.willizblog.de\/?p=5842\" target=\"_blank\">schrieb ich bereits<\/a>: <em>\u201eDie Engp\u00e4sse bei den vorhandenen PKW-Stellpl\u00e4tzen ist \u00fcbrigens vor allem eine Folge der <a href=\"http:\/\/www.hvv.de\/\" target=\"_blank\">HVV<\/a>-Erweiterung bis Tostedt. Viele ausw\u00e4rtige Pendler, die fr\u00fcher in Lauenbr\u00fcck, Schee\u00dfel oder gar Rotenburg zustiegen, nutzen heute u.a. die kosteng\u00fcnstige <a href=\"http:\/\/www.hvv.de\/fahrkarten\/proficard-grosskunden\/\" target=\"_blank\">ProfiCard<\/a> des HVV, die allerdings erst ab Tostedt g\u00fcltig ist. So kommen diese mit dem Auto nach Tostedt, um hier in den <a href=\"http:\/\/www.der-metronom.de\/\" target=\"_blank\">Metronom<\/a> einzusteigen. Es sollten daher andere L\u00f6sungen bedacht werden als die, Tostedt mit Parkh\u00e4usern einzudecken.\u201c<\/em><\/p>\n<p>Bedenkt man dabei, dass vorgesehen ist, das Parkhaus kostenlos zur Verf\u00fcgung zu stellen, w\u00e4hrend bei einer wirklichen Sanierung des Freibades dort Eintrittsgelder verlangt werden sollen, dann str\u00e4uben sich mir die Nackenhaare. <\/p>\n<p>Wie in Buchholz so sollten auch in Tostedt Parkgeb\u00fchren erhoben werden. Und bei den Fahrpreiserh\u00f6hungen des HVV k\u00f6nnten feinere Unterschiede gemacht werden; z.B. sollte man endlich die Proficard \u201aherunterfahren\u2019. Es ist f\u00fcr mich nicht nachvollziehbar, wenn Fahrg\u00e4ste mit Proficard bis zu 800 \u20ac im Jahr gegen\u00fcber normalen Abo-Kunden an Fahrkosten sparen.<\/p>\n<ul><img src=\"https:\/\/www.willizblog.de\/blogpicts\/schoenecke_metronom_wahlplakat.jpg\" alt=\"Herr Sch\u00f6necke und der \u201ametronom\u2019\" title=\"Herr Sch\u00f6necke und der \u201ametronom\u2019\" \/><\/ul>\n<p>Und dann gibt es im regelm\u00e4\u00dfigem Abstand die Forderungen nach einer Erweiterung der S-Bahn bis Tostedt und L\u00fcneburg (<a href=\"http:\/\/www.twitlonger.com\/show\/jc87vf\" target=\"_blank\">zuletzt im Wirtschaftsausschuss des Landkreises<\/a>).W\u00e4hrend der <a href=\"https:\/\/www.willizblog.de\/?p=4697\" target=\"_blank\">CDU-Mann Heiner Sch\u00f6necke<\/a> auf Wolke sieben zu entschweben scheint, wenn es um das Thema geht, halten andere das Ganze einfach f\u00fcr <a href=\"http:\/\/www.twitlonger.com\/show\/hnsvtu\" target=\"_blank\">Mumpitz auf Schienen<\/a>. Dem kann ich mich nur anschlie\u00dfen, solange eine S-Bahnverbindung bis nach Tostedt kein eigenes Gleisbett hat. Und hierzu wird es allein aus finanziellen Gr\u00fcnden nicht kommen. Bereits heute muss sich der Metronom in das sehr schmalen Zeitfenster zwischen G\u00fcter- und Fernverkehr Richtung Ruhrgebiet quetschen. Und als schw\u00e4chstes Glied in der Kette muss er warten, wenn z.B. ein IC Versp\u00e4tung hat. Zudem macht eine S-Bahn nur Sinn, wenn mehr Haltepunkte als bei der Regionalbahn angesteuert werden. Das wiederum verl\u00e4ngert die Fahrtzeit, was kein Fahrgast wirklich will (<a href=\"http:\/\/www.twitlonger.com\/show\/hn2b25\" target=\"_blank\">Carsten-Wilm M\u00fcller<\/a>, Professor an der Hochschule Bremen und Lehrbeauftragter f\u00fcr Eisenbahnwesen an der TU Harburg).<\/p>\n<p><object width=\"540\" height=\"325\"><param name=\"movie\" value=\"https:\/\/www.youtube.com\/v\/_VPO_k_cRrA&#038;hl=de_DE&#038;fs=1&#038;\"><\/param><param name=\"allowFullScreen\" value=\"true\"><\/param><param name=\"allowscriptaccess\" value=\"always\"><\/param><embed src=\"https:\/\/www.youtube.com\/v\/_VPO_k_cRrA&#038;hl=de_DE&#038;fs=1&#038;\" type=\"application\/x-shockwave-flash\" allowscriptaccess=\"always\" allowfullscreen=\"true\" width=\"540\" height=\"325\"><\/embed><\/object><br \/>\n<a href=\"https:\/\/www.youtube.com\/watch?v=_VPO_k_cRrA\" target=\"_blank\">Bahnverkehr in Tostedt<\/a><\/p>\n<p>Und dann wurde im Gesamtgemeinderat Tostedt mit deutlicher Mehrheit ein rund 2,5 Millionen teurer <a href=\"http:\/\/www.twitlonger.com\/show\/jc88b1\" target=\"_blank\">Kita-Neubau<\/a> beschlossen. Die Gr\u00fcnen bezweifeln den Bedarf. Au\u00dferdem ist die Wahl des Standorts ein Streitpunkt. W\u00e4hrend SPD-Fraktionsvorsitzender Klaus-Dieter Feindt sagte, der Neubau zwischen Jugendzentrum, Turnhalle und Grundschule sei so etwas wie ein I-T\u00fcpfelchen, ist Burkhard Allwardt (fraktionslos) der Auffassung, der bislang gesch\u00fctzte freie Raum f\u00fcr Sch\u00fcler und Jugendliche werde mit dem Neubau erheblich eingeschr\u00e4nkt. Ein tolles I-T\u00fcpfelchen, Herr Feindt. Konflikte sind vorprogrammiert.<\/p>\n<p>Ja, Kommunalpolitik kann spannend sein. Dass man es nicht jedem recht machen kann, ist mir klar. Aber ich finde es schon \u201a\u00fcberraschend\u2019, wenn z.B. der Samtgemeindeb\u00fcrgermeister Parkh\u00e4user aus dem einen \u00c4rmel sch\u00fcttelt, w\u00e4hrend er Freib\u00e4der am liebsten mit dem Sand aus dem anderen zusch\u00fctten m\u00f6chte. Auf welch wackeligem Grund dann ein Parkhaus stehen kann, wird sich vielleicht schon nach der kommenden Fahrpreiserh\u00f6hung und vielen weiteren Versp\u00e4tungen im \u00f6ffentlichen Personennahverkehr zeigen, wenn viele Pendler wieder ihr Auto aus der Garage holen. Sicherlich ist es sinnvoll, den Pendler von der Stra\u00dfe zu holen. Aber dann muss es aus allen Richtungen stimmen. Dann kann man nicht utopische, da unbezahlbare oder nicht durchf\u00fchrbare S-Bahnpl\u00e4ne entwickeln und Parkh\u00e4user bauen und gleichzeitig das Ganze durch satte Preiserh\u00f6hungen torpedieren.<\/p>\n","protected":false},"excerpt":{"rendered":"<p>Keine Angst \u2013 es wird weiterhin das Freibad in Tostedt geben: B\u00fcrgerwille hat die Politik zum Einlenken veranlasst. Auch der Herr Samtgemeindeb\u00fcrgermeister Dirk Bostelmann (CDU) \u201abekennt\u2019 sich, wenn auch mit innerlichem Widerwillen, zum Freibad. Aber ein Parkhaus wird es auch geben \u2013 und einen neuen Kindergarten gleich neben dem Jugendzentrum. Von Freib\u00e4dern, Parkdecks &#038; HVV-Tarifen, &hellip; <a href=\"https:\/\/willizblog.de\/?p=6435\" class=\"more-link\"><span class=\"screen-reader-text\">Tostedt: Ein Freibad f\u00fcr ein Parkhaus (Teil 2)<\/span> weiterlesen <span class=\"meta-nav\">&rarr;<\/span><\/a><\/p>\n","protected":false},"author":1,"featured_media":0,"comment_status":"open","ping_status":"open","sticky":false,"template":"","format":"standard","meta":[],"categories":[22,11],"tags":[],"_links":{"self":[{"href":"https:\/\/willizblog.de\/index.php?rest_route=\/wp\/v2\/posts\/6435"}],"collection":[{"href":"https:\/\/willizblog.de\/index.php?rest_route=\/wp\/v2\/posts"}],"about":[{"href":"https:\/\/willizblog.de\/index.php?rest_route=\/wp\/v2\/types\/post"}],"author":[{"embeddable":true,"href":"https:\/\/willizblog.de\/index.php?rest_route=\/wp\/v2\/users\/1"}],"replies":[{"embeddable":true,"href":"https:\/\/willizblog.de\/index.php?rest_route=%2Fwp%2Fv2%2Fcomments&post=6435"}],"version-history":[{"count":0,"href":"https:\/\/willizblog.de\/index.php?rest_route=\/wp\/v2\/posts\/6435\/revisions"}],"wp:attachment":[{"href":"https:\/\/willizblog.de\/index.php?rest_route=%2Fwp%2Fv2%2Fmedia&parent=6435"}],"wp:term":[{"taxonomy":"category","embeddable":true,"href":"https:\/\/willizblog.de\/index.php?rest_route=%2Fwp%2Fv2%2Fcategories&post=6435"},{"taxonomy":"post_tag","embeddable":true,"href":"https:\/\/willizblog.de\/index.php?rest_route=%2Fwp%2Fv2%2Ftags&post=6435"}],"curies":[{"name":"wp","href":"https:\/\/api.w.org\/{rel}","templated":true}]}}