{"id":6441,"date":"2012-09-26T07:59:44","date_gmt":"2012-09-26T05:59:44","guid":{"rendered":"http:\/\/www.willizblog.de\/?p=6441"},"modified":"2012-09-28T09:31:05","modified_gmt":"2012-09-28T07:31:05","slug":"hierro-%e2%80%93-insel-der-angst","status":"publish","type":"post","link":"https:\/\/willizblog.de\/?p=6441","title":{"rendered":"Hierro \u2013 Insel der Angst"},"content":{"rendered":"<p>Auf <a href=\"https:\/\/de.wikipedia.org\/wiki\/3sat\" target=\"_blank\">3sat<\/a> lief im Rahmen der Spielfilmreihe <a href=\"http:\/\/www.3sat.de\/page\/?source=\/film\/reihen\/164508\/index.html\" target=\"_blank\">\u201eEmoci\u00f3n \u2013 Neues spanisches Kino\u201c<\/a> der 2009 in der Regie von <a href=\"http:\/\/www.imdb.de\/name\/nm2688320\/\" target=\"_blank\">Gabe Ib\u00e1\u00f1ez<\/a> gedrehte Film: <a target=\"_blank\" href=\"https:\/\/www.amazon.de\/gp\/search?ie=UTF8&#038;camp=1638&#038;creative=6742&#038;index=dvd&#038;keywords=Hierro%20-%20Insel%20der%20Angst&#038;linkCode=ur2&#038;tag=familiealbin-21\"><strong>Hierro &#8211; Insel der Angst<\/strong><\/a><img loading=\"lazy\" src=\"https:\/\/www.assoc-amazon.de\/e\/ir?t=familiealbin-21&#038;l=ur2&#038;o=3\" width=\"1\" height=\"1\" border=\"0\" alt=\"\" style=\"border:none !important; margin:0px !important;\" \/>. Ich gestehe, dass ich allein schon wegen <a href=\"https:\/\/de.wikipedia.org\/wiki\/Elena_Anaya\" target=\"_blank\">Elena Anaya<\/a>, die die Hauptrolle spielt, den Film gesehen habe. Elena Anaya kennen wir als Bel\u00e9n aus dem Film <a href=\"https:\/\/www.willizblog.de\/?p=6319\" target=\"_blank\">Luc\u00eda und der Sex<\/a> (Regie: Julio M\u00e9dem).<\/p>\n<ul><img src=\"https:\/\/www.willizblog.de\/images\/hierro_film.jpg\" alt=\"Hierro \u2013 Insel der Angst\" title=\"Hierro \u2013 Insel der Angst\" \/><\/ul>\n<p><em>\u201eDie alleinerziehende Mutter Maria reist mit ihrem Sohn Diego zu der Kanareninsel El Hierro. W\u00e4hrend der Schiffspassage verliert sie den Jungen kurz aus den Augen, und pl\u00f6tzlich ist er nicht mehr aufzufinden. In Panik durchsucht sie das Schiff, aber ohne Erfolg. Auch die Polizei auf der Insel kann ihr nicht helfen. Diego bleibt verschwunden. Gebrochen und verzweifelt kehrt Maria zur\u00fcck. An ein normales Leben ist nicht mehr zu denken &#8211; bis sich die Polizei bei ihr meldet: Ein Junge in Diegos Alter wurde tot aufgefunden. Noch einmal reist Maria nach El Hierro, doch der tote Junge ist nicht Diego. Maria beginnt eine verzweifelte Suche nach der Wahrheit, die immer mehr zum Albtraum wird als sie merkt, dass auch die schroffen Inselbewohner ihr feindlich gesinnt sind.\u201c<\/em><\/p>\n<p>Quelle: <a href=\"http:\/\/www.3sat.de\/page\/?source=\/film\/woche\/162505\/index.html\" target=\"_blank\">3sat.de<\/a><\/p>\n<p>Im Mittelpunkt des Films <a href=\"https:\/\/en.wikipedia.org\/wiki\/Hierro_%28film%29\" target=\"_blank\">Hierro \u2013 Insel der Angst<\/a> (der deutsche Titel ist ziemlich unpassend) \u2013 hierzu <a href=\"https:\/\/www.amazon.de\/gp\/mpd\/permalink\/m2QVFCGCFCES0Y\/ref=ent_fb_link\" target=\"_blank\">der Trailer<\/a> &#8211; steht eine junge Frau auf der Suche nach ihrem Sohn &#8211; und die Insel <a href=\"https:\/\/de.wikipedia.org\/wiki\/El_Hierro\" target=\"_blank\">El Hierro<\/a> selbst, die kleinste der Kanaren. Es ist besonders und gerade die eigenwillige Naturkulisse der Insel, die f\u00fcr eine eher bedr\u00fcckende Atmosph\u00e4re, f\u00fcr die d\u00fcstere Grundstimmung des Films sorgt. Die sp\u00e4rliche Pflanzenwelt und das dunkle Lavagestein vermitteln den Eindruck, am Ende der Welt angekommen zu sein. Man vermutet sich auf einer einsamen Insel des Nordens. Diese Atmosph\u00e4re, die visuelle Kraft der Landschaft ist die Essenz des Films, in dem selten ein Wort f\u00e4llt. <em>\u201eStattdessen wird eine verzweifelte und aufreizende Elena Anaya durch eine experimentierfreudige Kamera in Szene gesetzt.\u201c<\/em> (Quelle u.a. <a href=\"http:\/\/www.horrorpilot.com\/review-hierro-insel-der-angst-2009\/\" target=\"_blank\">horrorpilot.com<\/a>)<\/p>\n<p>Obwohl der Film oft die Stilmittel des Horrorfilms benutzt, ist es ein sehr realer Film und alles andere als ein <a href=\"https:\/\/de.wikipedia.org\/wiki\/Mystery\" target=\"_blank\">Mystery<\/a>-Film. Er lie\u00dfe sich vielleicht unter der Rubrik psychologischer Thriller einordnen, wobei Thriller schon wieder \u00fcbertrieben w\u00e4re. Die Hauptperson des Films ist Maria (Elena Anaya) und als Zuschauer ist man st\u00e4ndiger Begleiter von ihr. Wie sie, so erlebt man die Ereignisse aus ihrer eigenen, sehr subjektiven Sicht. Dabei vermischen sich immer wieder Realit\u00e4t und (Wunsch-)Traum, bis auch f\u00fcr den Beobachter die Grenzen verschwimmen.<\/p>\n<p>Das spurlose Verschwinden einer Person, besonders das eines Kindes, ist sicherlich kein neues Filmthema. Die Aufl\u00f6sung des Falles mag zun\u00e4chst verwirren, h\u00e4ngt aber unmittelbar mit der Sicht der Dinge der suchenden Frau zusammen, bei der das Wunschdenken die Wirklichkeit \u00fcberlappt. Neben den Bildern von der Insel ist gerade diese bereits angesprochene Subjektivit\u00e4t des Betrachtens, die auf den Zuschauer \u00fcbertragen wird, das wesentliche Element des Films. Ich hoffe, damit insgesamt nicht zuviel vom Ende verraten zu haben.<\/p>\n<p>Ich bin kein ausgesprochener Freund von Mystery- und Horrorfilmen. Unter diesen Genres wurde der Film mangels genauerer Zuordnung durch einige Kritiker eingeordnet. Dem habe ich widersprochen. Mir hat der Film eben durch die angesprochenen Komponenten gut gefallen. Zum einen fand ich die Bilder von der Insel El Hierro (ich habe ein besonderes <a href=\"https:\/\/www.willizblog.de\/?p=1349\" target=\"_blank\">Verh\u00e4ltnis zu Inseln<\/a>) sehenswert, wenn sie vielleicht auch kaum als Werbefilm f\u00fcr die Insel geeignet erscheinen. Zum anderen ist es das sich eigentlich zun\u00e4chst unbewusste Hineinversetzen in eine andere Person ein suggestives Moment, der einen gefangen h\u00e4lt.<\/p>\n<p>\u00dcbrigens: Ich habe noch zwei weitere spanische Filme mit Elena Anaya in petto. Zum einen ist es ein erotisches Kammerspiel in der Regie von Julio M\u00e9dem: <a href=\"http:\/\/www.3sat.de\/page\/?source=\/film\/woche\/157780\/index.html\" target=\"_blank\">Eine Nacht in Rom<\/a>. Zum anderen ist es der neueste Film von Pedro Almod\u00f3var: <a href=\"https:\/\/de.wikipedia.org\/wiki\/Die_Haut,_in_der_ich_wohne\" target=\"_blank\">Die Haut, in der ich wohne<\/a> \u2013 u.a. mit Antonio Banderas. Dazu sp\u00e4ter mehr.<\/p>\n","protected":false},"excerpt":{"rendered":"<p>Auf 3sat lief im Rahmen der Spielfilmreihe \u201eEmoci\u00f3n \u2013 Neues spanisches Kino\u201c der 2009 in der Regie von Gabe Ib\u00e1\u00f1ez gedrehte Film: Hierro &#8211; Insel der Angst. Ich gestehe, dass ich allein schon wegen Elena Anaya, die die Hauptrolle spielt, den Film gesehen habe. Elena Anaya kennen wir als Bel\u00e9n aus dem Film Luc\u00eda und &hellip; <a href=\"https:\/\/willizblog.de\/?p=6441\" class=\"more-link\"><span class=\"screen-reader-text\">Hierro \u2013 Insel der Angst<\/span> weiterlesen <span class=\"meta-nav\">&rarr;<\/span><\/a><\/p>\n","protected":false},"author":1,"featured_media":0,"comment_status":"open","ping_status":"open","sticky":false,"template":"","format":"standard","meta":[],"categories":[13],"tags":[],"_links":{"self":[{"href":"https:\/\/willizblog.de\/index.php?rest_route=\/wp\/v2\/posts\/6441"}],"collection":[{"href":"https:\/\/willizblog.de\/index.php?rest_route=\/wp\/v2\/posts"}],"about":[{"href":"https:\/\/willizblog.de\/index.php?rest_route=\/wp\/v2\/types\/post"}],"author":[{"embeddable":true,"href":"https:\/\/willizblog.de\/index.php?rest_route=\/wp\/v2\/users\/1"}],"replies":[{"embeddable":true,"href":"https:\/\/willizblog.de\/index.php?rest_route=%2Fwp%2Fv2%2Fcomments&post=6441"}],"version-history":[{"count":0,"href":"https:\/\/willizblog.de\/index.php?rest_route=\/wp\/v2\/posts\/6441\/revisions"}],"wp:attachment":[{"href":"https:\/\/willizblog.de\/index.php?rest_route=%2Fwp%2Fv2%2Fmedia&parent=6441"}],"wp:term":[{"taxonomy":"category","embeddable":true,"href":"https:\/\/willizblog.de\/index.php?rest_route=%2Fwp%2Fv2%2Fcategories&post=6441"},{"taxonomy":"post_tag","embeddable":true,"href":"https:\/\/willizblog.de\/index.php?rest_route=%2Fwp%2Fv2%2Ftags&post=6441"}],"curies":[{"name":"wp","href":"https:\/\/api.w.org\/{rel}","templated":true}]}}