{"id":6455,"date":"2012-09-30T08:12:24","date_gmt":"2012-09-30T06:12:24","guid":{"rendered":"http:\/\/www.willizblog.de\/?p=6455"},"modified":"2012-09-28T10:23:07","modified_gmt":"2012-09-28T08:23:07","slug":"gotz-von-berlichingen","status":"publish","type":"post","link":"https:\/\/willizblog.de\/?p=6455","title":{"rendered":"G\u00f6tz von Berlichingen"},"content":{"rendered":"<p>Von <a href=\"https:\/\/de.wikipedia.org\/wiki\/G%C3%B6tz_von_Berlichingen\" target=\"_blank\">G\u00f6tz von Berlichingen<\/a> wissen die meisten nur sehr wenig, obwohl ein Spruch von ihm in \u201aaller Munde\u2019 ist. Dieser wird auch kurz als das G\u00f6tz-Zitat bezeichnet. Und in Richtung S\u00fcden wird der Spruch als <a href=\"https:\/\/de.wikipedia.org\/wiki\/Schw%C3%A4bischer_Gru%C3%9F\" target=\"_blank\">schw\u00e4bischer Gru\u00df<\/a> gef\u00fchrt. \u00dcberliefert hat uns diesen Spruch kein anderer als Johann Wolfgang von Goethe in einem St\u00fcck mit der \u201eGeschichte Gottfriedens von Berlichingen mit der eisernen Hand\u201c. Dort sagt (bzw. antwortet) Gottfried: <\/p>\n<ul><em>Mich ergeben! auf Gnad und ungnad! Mit wem redt ihr! Bin ich ein R\u00e4uber! Sag deinem Hauptmann vor ihro Kaiserlichen Maj<\/em>[est\u00e4t]. <em>hab ich, wie immer, schuldigen Respekt. Er aber sag s ihm, er kann<\/em> mich im Arsch lecken.<br \/>\n| : schmei\u00dft das Fenster zu : |<\/ul>\n<p>aus: <a href=\"https:\/\/de.wikipedia.org\/wiki\/Johann_Wolfgang_von_Goethe\" target=\"_blank\">Johann Wolfgang von Goethe<\/a>: <a href=\"http:\/\/gutenberg.spiegel.de\/buch\/3621\/4\" target=\"_blank\">Geschichte Gottfriedens von Berlichingen mit der eisernen Hand &#8211; Dritter Aufzug<\/a><\/p>\n<ul><img src=\"https:\/\/www.willizblog.de\/images\/lmaa.jpg\" alt=\"Schw\u00e4bischer Gru\u00df: LmaA\" title=\"Schw\u00e4bischer Gru\u00df: LmaA\" \/>\n<\/ul>\n<p>Apropos schw\u00e4bischer Gru\u00df: Dort wird der Spruch nicht als direkte Aufforderung verstanden, sondern eher im Sinne von \u00dcberraschung oder auch, um ein Gespr\u00e4ch, das ins Stocken geraten ist, zu beleben. Unbedingt lesenswert ist die Interpretationshilfe bei <a href=\"https:\/\/de.wikipedia.org\/wiki\/Schw%C3%A4bischer_Gru%C3%9F#Verwendung\" target=\"_blank\">de.wikipedia.org<\/a>.<\/p>\n<p>Dass Mozart (noch so ein Wolfgang!) den Spruch auch noch vertont hat <em>(Wolfgang Amadeus Mozart &#8211; Leck mich im Arsch &#8211; KV 382c)<\/em>, wissen wir bereits aus <a href=\"https:\/\/www.willizblog.de\/?p=3619\" target=\"_blank\">einem fr\u00fcheren Beitrag<\/a> von mir (leider sind nicht mehr alle dort aufgef\u00fchrten Videos auch heute noch im Netz vorhanden).<\/p>\n<p>Was bleibt mir da noch anders \u00fcbrig f\u00fcr heute, als Euch allesamt zum Abschluss schw\u00e4bisch zu gr\u00fc\u00dfen und allen ein sch\u00f6nes verbleibendes Wochenende zu w\u00fcnschen: <strong>LmaA!<\/strong><\/p>\n","protected":false},"excerpt":{"rendered":"<p>Von G\u00f6tz von Berlichingen wissen die meisten nur sehr wenig, obwohl ein Spruch von ihm in \u201aaller Munde\u2019 ist. Dieser wird auch kurz als das G\u00f6tz-Zitat bezeichnet. Und in Richtung S\u00fcden wird der Spruch als schw\u00e4bischer Gru\u00df gef\u00fchrt. \u00dcberliefert hat uns diesen Spruch kein anderer als Johann Wolfgang von Goethe in einem St\u00fcck mit der &hellip; <a href=\"https:\/\/willizblog.de\/?p=6455\" class=\"more-link\"><span class=\"screen-reader-text\">G\u00f6tz von Berlichingen<\/span> weiterlesen <span class=\"meta-nav\">&rarr;<\/span><\/a><\/p>\n","protected":false},"author":1,"featured_media":0,"comment_status":"open","ping_status":"open","sticky":false,"template":"","format":"standard","meta":[],"categories":[7],"tags":[],"_links":{"self":[{"href":"https:\/\/willizblog.de\/index.php?rest_route=\/wp\/v2\/posts\/6455"}],"collection":[{"href":"https:\/\/willizblog.de\/index.php?rest_route=\/wp\/v2\/posts"}],"about":[{"href":"https:\/\/willizblog.de\/index.php?rest_route=\/wp\/v2\/types\/post"}],"author":[{"embeddable":true,"href":"https:\/\/willizblog.de\/index.php?rest_route=\/wp\/v2\/users\/1"}],"replies":[{"embeddable":true,"href":"https:\/\/willizblog.de\/index.php?rest_route=%2Fwp%2Fv2%2Fcomments&post=6455"}],"version-history":[{"count":0,"href":"https:\/\/willizblog.de\/index.php?rest_route=\/wp\/v2\/posts\/6455\/revisions"}],"wp:attachment":[{"href":"https:\/\/willizblog.de\/index.php?rest_route=%2Fwp%2Fv2%2Fmedia&parent=6455"}],"wp:term":[{"taxonomy":"category","embeddable":true,"href":"https:\/\/willizblog.de\/index.php?rest_route=%2Fwp%2Fv2%2Fcategories&post=6455"},{"taxonomy":"post_tag","embeddable":true,"href":"https:\/\/willizblog.de\/index.php?rest_route=%2Fwp%2Fv2%2Ftags&post=6455"}],"curies":[{"name":"wp","href":"https:\/\/api.w.org\/{rel}","templated":true}]}}