{"id":646,"date":"2006-10-31T00:29:22","date_gmt":"2006-10-30T22:29:22","guid":{"rendered":"http:\/\/www.albinz.de\/blog\/?p=646"},"modified":"2006-10-29T15:32:02","modified_gmt":"2006-10-29T13:32:02","slug":"kurbisse-zu-halloween-2006","status":"publish","type":"post","link":"https:\/\/willizblog.de\/?p=646","title":{"rendered":"K\u00fcrbisse zu Halloween 2006"},"content":{"rendered":"<p>In diesem Jahr sind bei uns die K\u00fcrbisse etwas kleiner ausgefallen als in den Vorjahren. Es liegt eher an der Sorte als am Wachstum. Aber f\u00fcr Halloween haben meine S\u00f6hne doch zwei K\u00fcrbisse gefunden, die gro\u00df genug sind, um in diese Fratzen zu schneiden. Hier das Ergebnis der Schnitzarbeiten:<\/p>\n<p><img src=\"https:\/\/www.albinz.net\/images\/halloween_kuerbisse2006.jpg\" alt=\"AlbinZ K\u00fcrbisse zu Halloween 2006\" \/><\/p>\n","protected":false},"excerpt":{"rendered":"<p>In diesem Jahr sind bei uns die K\u00fcrbisse etwas kleiner ausgefallen als in den Vorjahren. Es liegt eher an der Sorte als am Wachstum. Aber f\u00fcr Halloween haben meine S\u00f6hne doch zwei K\u00fcrbisse gefunden, die gro\u00df genug sind, um in diese Fratzen zu schneiden. Hier das Ergebnis der Schnitzarbeiten:<\/p>\n","protected":false},"author":1,"featured_media":0,"comment_status":"closed","ping_status":"closed","sticky":false,"template":"","format":"standard","meta":[],"categories":[28],"tags":[],"_links":{"self":[{"href":"https:\/\/willizblog.de\/index.php?rest_route=\/wp\/v2\/posts\/646"}],"collection":[{"href":"https:\/\/willizblog.de\/index.php?rest_route=\/wp\/v2\/posts"}],"about":[{"href":"https:\/\/willizblog.de\/index.php?rest_route=\/wp\/v2\/types\/post"}],"author":[{"embeddable":true,"href":"https:\/\/willizblog.de\/index.php?rest_route=\/wp\/v2\/users\/1"}],"replies":[{"embeddable":true,"href":"https:\/\/willizblog.de\/index.php?rest_route=%2Fwp%2Fv2%2Fcomments&post=646"}],"version-history":[{"count":0,"href":"https:\/\/willizblog.de\/index.php?rest_route=\/wp\/v2\/posts\/646\/revisions"}],"wp:attachment":[{"href":"https:\/\/willizblog.de\/index.php?rest_route=%2Fwp%2Fv2%2Fmedia&parent=646"}],"wp:term":[{"taxonomy":"category","embeddable":true,"href":"https:\/\/willizblog.de\/index.php?rest_route=%2Fwp%2Fv2%2Fcategories&post=646"},{"taxonomy":"post_tag","embeddable":true,"href":"https:\/\/willizblog.de\/index.php?rest_route=%2Fwp%2Fv2%2Ftags&post=646"}],"curies":[{"name":"wp","href":"https:\/\/api.w.org\/{rel}","templated":true}]}}