{"id":653,"date":"2006-11-07T00:10:48","date_gmt":"2006-11-06T22:10:48","guid":{"rendered":"http:\/\/www.albinz.de\/blog\/?p=653"},"modified":"2006-11-07T00:10:48","modified_gmt":"2006-11-06T22:10:48","slug":"was-ist-blos-mit-ian-los-teil-28-back-to-the-roots","status":"publish","type":"post","link":"https:\/\/willizblog.de\/?p=653","title":{"rendered":"Was ist blo\u00df mit Ian los? Teil 28: Back to the Roots?"},"content":{"rendered":"<p><em>Hallo Wilfried,<\/em><\/p>\n<p><em>Deinen Beitrag \u00fcber die unverst\u00e4ndliche Personalentscheidung habe ich gelesen. Auch in meinem Betrieb kann man hin und wieder beobachten, wie der Betriebsrat unverst\u00e4ndliche Entscheidungen f\u00e4llt oder zumindest mittr\u00e4gt. Ich habe schon erlebt, dass Betriebsratmitglieder ihre besonderen Sch\u00fctzlinge auf Kosten anderer Kollegen protegieren. Ich f\u00fcrchte, dieses Problem ist so alt wie das Betriebsverfassungsgesetz und wird sich so schnell nicht l\u00f6sen lassen. Vielleicht bei den n\u00e4chsten Betriebsratswahlen, aber wer wei\u00df&#8230;<\/em><\/p>\n<p><em>\u00dcber den englischen Wikipedia-Beitrag zu Mr(s) Palmer habe ich mich gefreut. Wenigstens im anglikanischen Sprachraum wei\u00df man ihn durch einen Eintrag zu w\u00fcrdigen. Aus diesem Beitrag habe ich erfahren, dass Palmer zusammen mit John Evan die Band verlassen hat, als Mr. Anderson meinte, sich dem elektronischen Zeitgeist unterwerfen zu m\u00fcssen. Das l\u00e4sst doch tief blicken und h\u00e4tte auch Mr. Anderson, selbst bei voller Ber\u00fccksichtigung seiner total(it\u00e4r)en Autorit\u00e4t, zu denken geben m\u00fcssen. Hat es aber nicht und die Folgen sind bekannt.<\/em><\/p>\n<p><em>Meine Aussage, dass kein K\u00fcnstler so schlecht mit Playback umgehen kann wie Mr. Anderson, ziehe ich zur\u00fcck: In der Zwischenzeit habe ich einige Videos von Gary Glitter angesehen. Dessen Playback-K\u00fcnste bewegen sich jenseits aller Kritik. Allerdings macht Gary Glitter deutlich, dass meine &#8222;Guter Musiker = schlechter Playbackartist&#8220; &#8211; Theorie nicht uneingeschr\u00e4nkt gilt.<\/em><\/p>\n<p><em>Deine \u00dcbersetzung der Hasenstory finde ich sehr gelungen ! Du musst damals etwa Mitte 20 gewesen sein. Eine reife Leistung ! Mindestens eben so gro\u00df wie die Leistung der \u00dcbersetzung finde ich Deine F\u00e4higkeit, auf 30 Jahre alte Manuskripte zur\u00fcckgreifen zu k\u00f6nnen. Ich finde schon nicht mehr wieder, was ich vor zwei Wochen geschrieben habe.<\/em><\/p>\n<p><em>Die Geschichte des Hasen finde ich wirklich etwas skurril. Okay, das ist eben der Stil des Meisters. Aber die Brillen-Posse zerrei\u00dft das Album in zwei H\u00e4lften. Die Durchg\u00e4ngigkeit des Passion Play leidet darunter sehr. Es ist nicht l\u00e4nger &#8222;ein St\u00fcck aus einem Guss&#8220;. Der Hase dr\u00e4ngt sich zwischen die Harmonien wie das Richtbeil zwischen die Halswirbel. Falls Mr. Anderson seine Fabel an den Schluss des Albums platziert h\u00e4tte, w\u00e4re weniger Schaden angerichtet worden. Zu Beginn der Platte h\u00e4tte es nicht sein d\u00fcrfen; dann h\u00e4tte kaum jemand das Album zu Ende geh\u00f6rt. (Das war meine Anderson-Schm\u00e4hung f\u00fcr heute.)<\/em><\/p>\n<p><em>Als Hintergrundmusik eignen sich die G\u00f6ttert\u00e4nze in der Tat. Die ganze CD hat etwas von Meditationsmusik, zumindest in weiten Teilen. Indem das Album spirituelle Energien freisetzt, wird es seinem Titel voll gerecht. In den letzten Wochen und Monaten habe ich gelernt, dass Mr. Anderson \u00fcber zu viel Kreativit\u00e4t verf\u00fcgt, um sich ausschlie\u00dflich mit Folkmusik zu befassen. Jedenfalls ist sein musikalischer Horizont weiter gesteckt als mein Musikgeschmack. Ich kann mich eben nur an einer Teilmenge seines Schaffens erfreuen. <\/em><\/p>\n<p><em>Viele K\u00fcnstler gehen in ihren reiferen Jahren &#8222;back to the roots&#8220;. So vielleicht auch irgendwann Mr. Anderson. M\u00f6glicherweise \u00fcberrascht er uns eines Tages mit einem neuen Folk-Album. <\/em><\/p>\n<p><em>Es sieht so aus, als m\u00fcssten wir mit dem Schreiben einen Zahn zulegen. Der Vorrat an mails f\u00fcr Dein Weblog schmilzt schneller als wir tippen k\u00f6nnen. In den n\u00e4chsten Tagen werde ich mich verst\u00e4rkt um die schulischen Leistungen meiner S\u00f6hne k\u00fcmmern. Ich hoffe, dass mir noch Zeit bleiben wird, Mr. Anderson in den Himmel zu loben.<\/em><\/p>\n<p><em>Ich lese, also bin ich.<\/em><br \/>\n<em>Viele Gr\u00fc\u00dfe an die Familie !<\/em><br \/>\n<em>Lockwood<\/em><\/p>\n<p>03.11.2006<\/p>\n<p>~~~~~~~~~~~~~~~~~~~~~~~~~~~~~~~~~~~~~~~~~~~~~~~~~~~~~~~~~~~~~~~~~~~~<\/p>\n<p><em>Hallo Lockwood,<\/em><\/p>\n<p><em>wir hatten vor kurzem Betriebsratswahlen. Hilft also auch nichts. Vergessen wir das Thema. Es ist einfach traurig, so viel Missgunst, Ignoranz und Inkompetenz an einer Stelle zu sehen. Und das betrifft nicht nur den Betriebsrat, sondern auch die Betriebsf\u00fchrung. \u00dcbrigens habe ich den Beitrag den Umst\u00e4nden \u201aangepasst\u2019. Zumindest der Personalchef kennt meine Website und k\u00f6nnte auf dumme Ideen kommen \u2026<\/em><\/p>\n<p><em>Na, jetzt hast Du es offen gelegt: Elektronischer Zeitgeist und so und der Weggang von David Palmer, dem halbv\u00e4terlichen Mentor, und Alt-Kumpel John Evan, das konnte ja nur in die Hose gehen. Aber mit der Gruppe \u201eTallis\u201c wurden David Palmer und John Evan, auch Drummer Barriemore Barlow war daran beteiligt, nicht gerade gl\u00fccklich, sodass sich Palmer mit dem Arrangieren der Orchesteralben (neben Jethro Tull ja auch Queen, Genesis usw.) befasste. \u00dcbrigens, Williz Tull-Archiv hat eine Aufnahme von der Gruppe \u201aTallis\u2019, hei\u00dft \u201a Disturbed Air\u2019 und \u2026 d\u00fcrfte Deinem Geschmack nicht gerade entsprechen, oder? Die MP3-Datei als Anhang. Ich bin irgendwie \u00fcber mein zeitweises Abo von dem Tull-Fan-Magazin <a href=\"http:\/\/www.anewdayrecords.co.uk\/\" target=\"_blank\">\u201eA New Day\u201c<\/a> an eine CD gekommen, die u.a. auch noch andere interessante St\u00fcck enth\u00e4lt. Leider finde ich die Inhaltsangabe der Scheibe nicht (ist in einer Ausgabe von \u201aA New Day\u2019).<\/em><\/p>\n<p><object classid=\"clsid:22D6F312-B0F6-11D0-94AB-0080C74C7E95\" id=\"MediaPlayer1\" width=\"286\" height=\"42\"><param name=\"AudioStream\" value=\"-1\"><param name=\"AutoSize\" value=\"-1\"><param name=\"AutoStart\" value=\"0\"><param name=\"AnimationAtStart\" value=\"-1\"><param name=\"AllowScan\" value=\"-1\"><param name=\"AllowChangeDisplaySize\" value=\"-1\"><param name=\"AutoRewind\" value=\"0\"><param name=\"Balance\" value=\"0\"><param name=\"BaseURL\" value><param name=\"BufferingTime\" value=\"5\"><param name=\"CaptioningID\" value><param name=\"ClickToPlay\" value=\"-1\"><param name=\"CursorType\" value=\"0\"><param name=\"CurrentPosition\" value=\"-1\"><param name=\"CurrentMarker\" value=\"0\"><param name=\"DefaultFrame\" value><param name=\"DisplayBackColor\" value=\"0\"><param name=\"DisplayForeColor\" value=\"16777215\"><param name=\"DisplayMode\" value=\"0\"><param name=\"DisplaySize\" value=\"0\"><param name=\"Enabled\" value=\"-1\"><param name=\"EnableContextMenu\" value=\"-1\"><param name=\"EnablePositionControls\" value=\"-1\"><param name=\"EnableFullScreenControls\" value=\"0\"><param name=\"EnableTracker\" value=\"-1\"><param name=\"Filename\" value=\"https:\/\/www.albinz.net\/images\/tallis_disturbed_air.mp3\"><param name=\"InvokeURLs\" value=\"-1\"><param name=\"Language\" value=\"-1\"><param name=\"Mute\" value=\"0\"><param name=\"PlayCount\" value=\"1\"><param name=\"PreviewMode\" value=\"0\"><param name=\"Rate\" value=\"1\"><param name=\"SAMILang\" value><param name=\"SAMIStyle\" value><param name=\"SAMIFileName\" value><param name=\"SelectionStart\" value=\"-1\"><param name=\"SelectionEnd\" value=\"-1\"><param name=\"SendOpenStateChangeEvents\" value=\"-1\"><param name=\"SendWarningEvents\" value=\"-1\"><param name=\"SendErrorEvents\" value=\"-1\"><param name=\"SendKeyboardEvents\" value=\"0\"><param name=\"SendMouseClickEvents\" value=\"0\"><param name=\"SendMouseMoveEvents\" value=\"0\"><param name=\"SendPlayStateChangeEvents\" value=\"-1\"><param name=\"ShowCaptioning\" value=\"0\"><param name=\"ShowControls\" value=\"-1\"><param name=\"ShowAudioControls\" value=\"-1\"><param name=\"ShowDisplay\" value=\"0\"><param name=\"ShowGotoBar\" value=\"0\"><param name=\"ShowPositionControls\" value=\"-1\"><param name=\"ShowStatusBar\" value=\"0\"><param name=\"ShowTracker\" value=\"-1\"><param name=\"TransparentAtStart\" value=\"0\"><param name=\"VideoBorderWidth\" value=\"0\"><param name=\"VideoBorderColor\" value=\"0\"><param name=\"VideoBorder3D\" value=\"0\"><param name=\"Volume\" value=\"0\"><param name=\"WindowlessVideo\" value=\"0\"><embed SRC=\"https:\/\/www.albinz.net\/images\/tallis_disturbed_air.mp3\" type=\"audio\/x-wav\" CONSOLE=\"Clip99\" CONTROLS=\"ImageWindow\" HEIGHT=\"42\" WIDTH=\"286\" AUTOSTART=\"false\"><\/embed><\/object><\/p>\n<p>Tallis: Disturbed Air<\/p>\n<p><em>Mit \u201aPassion Play\u2019 im Zusammenspiel mit der Hasengeschichte gebe ich Dir Recht. Als ich mir die CD zugelegt habe, ich hatte diese Scheibe lediglich als LP, hoffte ich, dass man \u201eThe Story of the Hare\u201c als eigenen Track behandeln w\u00fcrde. Aber wie auf der LP gibt es ja nur zwei Tracks. Das hat mich etwas ge\u00e4rgert. Gut, man kann sich das Ganze ggfs. selbst zusammenschneidern.<\/em><\/p>\n<p><em>Zum Text: Der ist nat\u00fcrlich nicht so schwierig und tiefgr\u00fcndig wie andere Anderson-Texte, wobei ich denke, dass dieser auch gar nicht von Anderson ist, zumindest nicht allein. Auf der Scheibe werden als Autoren Jeffrey Hammond-Hammond, John Evan und Ian Anderson genannt \u2013 in dieser Reihenfolge. Also d\u00fcrfte der gute Jeffrey der Urheber sein. Die \u00dcbersetzung lag im Cover der LP, also dort, wo man ihn zur passenden Zeit wiederfindet. Damals hatte ich mich auch an die \u00dcbersetzung von \u201aThick as a Brick\u2019 gemacht. Bin, wie schon <a href=\"https:\/\/www.willizblog.de\/?p=594\" target=\"_blank\">einmal erw\u00e4hnt<\/a>, bis zu der Biggles-Textstelle gekommen (\u201eWhere the hell was Biggles &#8230;!\u201c). Den Text habe ich dann nach diversen Umz\u00fcgen wohl doch versusst (verlegt, verloren).<\/em><\/p>\n<p><em>\u201eBack to the roots\u201c \u2013 in gewisser Hinsicht k\u00f6nnte man die Orchestertouren so sehen. Zum einen ist das eine ganz ordentliche Einnahmequelle (das Copyright an den Tull-St\u00fccken und am Trademark \u201aJethro Tull\u2019 d\u00fcrften Anderson geh\u00f6ren): zeitweise war die CD (oder DVD) sogar in den deutschen Charts vertreten. Zum anderen braucht Herr Anderson nicht mehr wie ein Derwisch \u00fcber die B\u00fchne turnen \u2013 mit einem Orchester im R\u00fccken geh\u00f6rt sich das eben nicht. Und trotzdem darf und kann der Meister seine alten St\u00fccke vortragen. Aber an ein Folk-Album glaube ich dann doch nicht.<\/em><\/p>\n<p><em>In diesem Zusammenhang: Ende dieses Monats ist Ian Anderson ja mit einer <strong>Acoustic Tull Tour with Ann Marie Calhoun<\/strong> in den Niederlanden und Skandinavien unterwegs. Neben der Geige und Anderson wird wohl auch Martin Barre mitmischen. Ansonsten? Keine Ahnung. Aber immerhin ist es erfreulich, den Namen Martin Barre einmal wiederzuh\u00f6ren, wenn es um Konzertauftritte geht.<\/em><\/p>\n<p><em>Mit Deinen Anderson-Schm\u00e4hungen kommen meine Lockwood-\u00c4rgernisse  kaum mit. Aber Du l\u00e4sst Dich ja nicht \u00e4rgern. Der Meister hatte sich anl\u00e4sslich der <a href=\"https:\/\/www.albinz.net\/tsunami_ia_video.html\" target=\"_blank\">ZDF-Spendengala des ZDF<\/a> f\u00fcr die Tsunami-Opfer bereit erkl\u00e4rt teilzunehmen und mit Mandokis \u201aSoulmates\u2019 irgendwann im Januar 2005 einen Kurzauftritt mit Lennons \u201aImagine\u2019. Und da er nicht nur auf eigene Kosten angereist war und auf Gage verzichtete, so lie\u00df er auch seine Kopftuch-Sammlung zu Hause. Stattdessen kreierte er einen neuen Gutsherrenlook mit legerem Jackett, (Stroh-?\/Panama-?) Hut und Sonnenbrille. Ja, Ian Anderson entpuppt sich mehr und mehr als Meister der Verkleidung. Oder h\u00e4ttest Du auf Anhieb erkannt, wer der schicke Herr mit Fl\u00f6te ist?<\/em><\/p>\n<p><img src=\"https:\/\/www.albinz.net\/models\/tsunami_ia_video.jpg\" alt=\"Ian Anderson bei der ZDF Spendengala 2005\" \/><\/p>\n<p><em>Ein sch\u00f6nes Wochenende Dir und Deinen Lieben.<\/em><br \/>\n<em>Auch viele Gr\u00fc\u00dfe.<\/em><br \/>\n<em>Wilfried<\/em><\/p>\n<p>04.11.2006<\/p>\n<p><a href=\"http:\/\/babelfish.altavista.com\/babelfish\/trurl_pagecontent?url=https:\/\/www.willizblog.de\/?p=653&#038;lp=de%5Fen\" target=\"_blank\">English Translation for Ian Anderson<\/a><\/p>\n","protected":false},"excerpt":{"rendered":"<p>Hallo Wilfried, Deinen Beitrag \u00fcber die unverst\u00e4ndliche Personalentscheidung habe ich gelesen. Auch in meinem Betrieb kann man hin und wieder beobachten, wie der Betriebsrat unverst\u00e4ndliche Entscheidungen f\u00e4llt oder zumindest mittr\u00e4gt. Ich habe schon erlebt, dass Betriebsratmitglieder ihre besonderen Sch\u00fctzlinge auf Kosten anderer Kollegen protegieren. Ich f\u00fcrchte, dieses Problem ist so alt wie das Betriebsverfassungsgesetz und &hellip; <a href=\"https:\/\/willizblog.de\/?p=653\" class=\"more-link\"><span class=\"screen-reader-text\">Was ist blo\u00df mit Ian los? Teil 28: Back to the Roots?<\/span> weiterlesen <span class=\"meta-nav\">&rarr;<\/span><\/a><\/p>\n","protected":false},"author":6,"featured_media":0,"comment_status":"closed","ping_status":"closed","sticky":false,"template":"","format":"standard","meta":[],"categories":[43],"tags":[],"_links":{"self":[{"href":"https:\/\/willizblog.de\/index.php?rest_route=\/wp\/v2\/posts\/653"}],"collection":[{"href":"https:\/\/willizblog.de\/index.php?rest_route=\/wp\/v2\/posts"}],"about":[{"href":"https:\/\/willizblog.de\/index.php?rest_route=\/wp\/v2\/types\/post"}],"author":[{"embeddable":true,"href":"https:\/\/willizblog.de\/index.php?rest_route=\/wp\/v2\/users\/6"}],"replies":[{"embeddable":true,"href":"https:\/\/willizblog.de\/index.php?rest_route=%2Fwp%2Fv2%2Fcomments&post=653"}],"version-history":[{"count":0,"href":"https:\/\/willizblog.de\/index.php?rest_route=\/wp\/v2\/posts\/653\/revisions"}],"wp:attachment":[{"href":"https:\/\/willizblog.de\/index.php?rest_route=%2Fwp%2Fv2%2Fmedia&parent=653"}],"wp:term":[{"taxonomy":"category","embeddable":true,"href":"https:\/\/willizblog.de\/index.php?rest_route=%2Fwp%2Fv2%2Fcategories&post=653"},{"taxonomy":"post_tag","embeddable":true,"href":"https:\/\/willizblog.de\/index.php?rest_route=%2Fwp%2Fv2%2Ftags&post=653"}],"curies":[{"name":"wp","href":"https:\/\/api.w.org\/{rel}","templated":true}]}}