{"id":654,"date":"2006-11-08T00:42:45","date_gmt":"2006-11-07T22:42:45","guid":{"rendered":"http:\/\/www.albinz.de\/blog\/?p=654"},"modified":"2006-11-06T12:50:28","modified_gmt":"2006-11-06T10:50:28","slug":"wenn-der-sohn-wie-der-vater","status":"publish","type":"post","link":"https:\/\/willizblog.de\/?p=654","title":{"rendered":"Wenn der Sohn wie der Vater &#8230;"},"content":{"rendered":"<p>Es ist lange her, da habe ich <a href=\"https:\/\/www.albinz.net\/musikwa.html\" target=\"_blank\">in einer Band<\/a> die Bassgitarre gespielt. Die S\u00f6hne tun es ja oft den V\u00e4tern gleich. Nachdem mein \u00c4ltester Jan bereits als S\u00e4nger in einer Sch\u00fclerband mit dem sch\u00f6nen Namen <strong>ShAucelfAert<\/strong> mitgewirkt hatte, will er jetzt eine neue Band gr\u00fcnden. Und da Bassisten meist Mangelware sind, so habe ich ihm empfohlen, es einmal mit dem Bassspielen zu versuchen. Immerhin habe ich noch meine Bassgitarre aus alten Zeiten. Ist zwar kein <a href=\"http:\/\/www.fender.com\/products\/search.php?section=Basses\" target=\"_blank\">Fender-Bass<\/a>, nur eine japanischer <a href=\"http:\/\/www.ibanez.co.jp\/world\/country\/frame_germany.html\" target=\"_blank\">Ibanez<\/a>, wenn auch mit Fender-Tonabnehmern best\u00fcckt. Auch hat &#8222;mein&#8220; Bass wenig mit den Ibanez-Modellen heutiger Tage gemeinsam, es ist ein Fender-Nachbau (immerhin hat er 30 Jahre auf dem Gitarrenr\u00fccken und \u00e4hnlich wie im Autobau gl\u00e4nzten die Japaner fr\u00fcherer Jahre zun\u00e4chst durch den gelungenen Nachbau bekannter Marken).<\/p>\n<p><img src=\"https:\/\/www.albinz.net\/images\/ibanez_bass_combo.jpg\" alt=\"Ibanez- Bass mit Bass-Combo\" \/><\/p>\n<p>Nun, mein Sohn tut es mir nach. Er ist flei\u00dfig dabei zu \u00fcben. Bassspielen ist ein hartes Brot, aber es macht auch Spa\u00df. Weiter so &#8230;<\/p>\n","protected":false},"excerpt":{"rendered":"<p>Es ist lange her, da habe ich in einer Band die Bassgitarre gespielt. Die S\u00f6hne tun es ja oft den V\u00e4tern gleich. Nachdem mein \u00c4ltester Jan bereits als S\u00e4nger in einer Sch\u00fclerband mit dem sch\u00f6nen Namen ShAucelfAert mitgewirkt hatte, will er jetzt eine neue Band gr\u00fcnden. Und da Bassisten meist Mangelware sind, so habe ich &hellip; <a href=\"https:\/\/willizblog.de\/?p=654\" class=\"more-link\"><span class=\"screen-reader-text\">Wenn der Sohn wie der Vater &#8230;<\/span> weiterlesen <span class=\"meta-nav\">&rarr;<\/span><\/a><\/p>\n","protected":false},"author":1,"featured_media":0,"comment_status":"closed","ping_status":"closed","sticky":false,"template":"","format":"standard","meta":[],"categories":[5],"tags":[],"_links":{"self":[{"href":"https:\/\/willizblog.de\/index.php?rest_route=\/wp\/v2\/posts\/654"}],"collection":[{"href":"https:\/\/willizblog.de\/index.php?rest_route=\/wp\/v2\/posts"}],"about":[{"href":"https:\/\/willizblog.de\/index.php?rest_route=\/wp\/v2\/types\/post"}],"author":[{"embeddable":true,"href":"https:\/\/willizblog.de\/index.php?rest_route=\/wp\/v2\/users\/1"}],"replies":[{"embeddable":true,"href":"https:\/\/willizblog.de\/index.php?rest_route=%2Fwp%2Fv2%2Fcomments&post=654"}],"version-history":[{"count":0,"href":"https:\/\/willizblog.de\/index.php?rest_route=\/wp\/v2\/posts\/654\/revisions"}],"wp:attachment":[{"href":"https:\/\/willizblog.de\/index.php?rest_route=%2Fwp%2Fv2%2Fmedia&parent=654"}],"wp:term":[{"taxonomy":"category","embeddable":true,"href":"https:\/\/willizblog.de\/index.php?rest_route=%2Fwp%2Fv2%2Fcategories&post=654"},{"taxonomy":"post_tag","embeddable":true,"href":"https:\/\/willizblog.de\/index.php?rest_route=%2Fwp%2Fv2%2Ftags&post=654"}],"curies":[{"name":"wp","href":"https:\/\/api.w.org\/{rel}","templated":true}]}}