{"id":6553,"date":"2012-10-24T11:21:41","date_gmt":"2012-10-24T09:21:41","guid":{"rendered":"http:\/\/www.willizblog.de\/?p=6553"},"modified":"2012-10-24T11:21:41","modified_gmt":"2012-10-24T09:21:41","slug":"an-der-nordseekuste-in-busum-18082012","status":"publish","type":"post","link":"https:\/\/willizblog.de\/?p=6553","title":{"rendered":"An der Nordseek\u00fcste &#8230; in B\u00fcsum (18.08.2012)"},"content":{"rendered":"<p>Mitte August diesen Jahres machte ich mit meinen Lieben einen kleinen <a href=\"https:\/\/www.willizblog.de\/?p=6287\" target=\"_blank\">Tagesausflug nach B\u00fcsum<\/a>, zu dem uns meine Schwiegermutter eingeladen hatte. B\u00fcsum ist eine kleine Hafenstadt an der Nordsee in der Region <a href=\"https:\/\/de.wikipedia.org\/wiki\/Dithmarschen\" target=\"_blank\">Dithmarschen<\/a>, die durch den Anbau von Kohl bekannt ist. B\u00fcsum selbst ist durch die Krabbenfischerei ein Begriff: <a href=\"http:\/\/www.buesum-information.de\/Buesumer-Krabben\/\" target=\"_blank\">B\u00fcsumer Krabben!<\/a><\/p>\n<p><img src=\"https:\/\/www.willizblog.de\/images\/buesum2012_strand_01.jpg\" alt=\"Strand von B\u00fcsum mit vielen Strandk\u00f6rben\" title=\"Strand von B\u00fcsum mit vielen Strandk\u00f6rben\" \/><\/p>\n<p>An dem Tag unseres Ausflug hatten wir wirklich herrliches Wetter, was man in diesem Sommer in der Form nicht so oft hatte. B\u00fcsum lebt heute weniger von der Fischerei als vom Fremdenverkehr. Obwohl am Strand ein Strandkorb neben dem anderen stand, verteilten sich die Leute dann doch im Ort. Insgesamt w\u00e4ren es mir aber doch zu viele Menschen, wenn ich hier Urlaub machen sollte. Da war mir der <a href=\"https:\/\/www.willizblog.de\/index.php?s=Inselaufenthalt+Neuwerk\" target=\"_blank\">Inselaufenthalt 2009 auf der kleinen Insel Neuwerk<\/a> doch um einiges lieber.<\/p>\n<p><img src=\"https:\/\/www.willizblog.de\/images\/buesum2012_strand_02.jpg\" alt=\"Strand von B\u00fcsum mit vielen Strandk\u00f6rben\" title=\"Strand von B\u00fcsum mit vielen Strandk\u00f6rben\" \/><\/p>\n<p>Dieser Beitrag kommt mit fast Ende Oktober schon reichlich sp\u00e4t. Wir fangen ja schon an zu bibbern im herbstlichen Nieselregen. Nun, ich bin erst jetzt dazu gekommen, die wenigen Videoaufnahmen, die ich in B\u00fcsum gemacht habe, zusammenzuschneiden. Hier also B\u00fcsum im Video \u2013 zun\u00e4chst der Museumshafen, dann der Strand mit Leuchtturm, zuletzt der Fischereihafen:<\/p>\n<p><iframe loading=\"lazy\" width=\"420\" height=\"315\" src=\"https:\/\/www.youtube.com\/embed\/JFdAD6hQR0s\" frameborder=\"0\" allowfullscreen><\/iframe><br \/>\nB\u00fcsum \u2013 Hafen und Strand (18.08.2012)<\/p>\n","protected":false},"excerpt":{"rendered":"<p>Mitte August diesen Jahres machte ich mit meinen Lieben einen kleinen Tagesausflug nach B\u00fcsum, zu dem uns meine Schwiegermutter eingeladen hatte. B\u00fcsum ist eine kleine Hafenstadt an der Nordsee in der Region Dithmarschen, die durch den Anbau von Kohl bekannt ist. B\u00fcsum selbst ist durch die Krabbenfischerei ein Begriff: B\u00fcsumer Krabben! An dem Tag unseres &hellip; <a href=\"https:\/\/willizblog.de\/?p=6553\" class=\"more-link\"><span class=\"screen-reader-text\">An der Nordseek\u00fcste &#8230; in B\u00fcsum (18.08.2012)<\/span> weiterlesen <span class=\"meta-nav\">&rarr;<\/span><\/a><\/p>\n","protected":false},"author":1,"featured_media":0,"comment_status":"open","ping_status":"open","sticky":false,"template":"","format":"standard","meta":[],"categories":[10],"tags":[],"_links":{"self":[{"href":"https:\/\/willizblog.de\/index.php?rest_route=\/wp\/v2\/posts\/6553"}],"collection":[{"href":"https:\/\/willizblog.de\/index.php?rest_route=\/wp\/v2\/posts"}],"about":[{"href":"https:\/\/willizblog.de\/index.php?rest_route=\/wp\/v2\/types\/post"}],"author":[{"embeddable":true,"href":"https:\/\/willizblog.de\/index.php?rest_route=\/wp\/v2\/users\/1"}],"replies":[{"embeddable":true,"href":"https:\/\/willizblog.de\/index.php?rest_route=%2Fwp%2Fv2%2Fcomments&post=6553"}],"version-history":[{"count":0,"href":"https:\/\/willizblog.de\/index.php?rest_route=\/wp\/v2\/posts\/6553\/revisions"}],"wp:attachment":[{"href":"https:\/\/willizblog.de\/index.php?rest_route=%2Fwp%2Fv2%2Fmedia&parent=6553"}],"wp:term":[{"taxonomy":"category","embeddable":true,"href":"https:\/\/willizblog.de\/index.php?rest_route=%2Fwp%2Fv2%2Fcategories&post=6553"},{"taxonomy":"post_tag","embeddable":true,"href":"https:\/\/willizblog.de\/index.php?rest_route=%2Fwp%2Fv2%2Ftags&post=6553"}],"curies":[{"name":"wp","href":"https:\/\/api.w.org\/{rel}","templated":true}]}}