{"id":6586,"date":"2012-10-31T08:24:38","date_gmt":"2012-10-31T06:24:38","guid":{"rendered":"http:\/\/www.willizblog.de\/?p=6586"},"modified":"2012-10-29T14:27:20","modified_gmt":"2012-10-29T12:27:20","slug":"ist-steinbruck-die-richtige-wahl","status":"publish","type":"post","link":"https:\/\/willizblog.de\/?p=6586","title":{"rendered":"Ist Steinbr\u00fcck die richtige Wahl?"},"content":{"rendered":"<p>N\u00e4chste Woche ist es wieder soweit. Die US-Amerikaner w\u00e4hlen ihren Pr\u00e4sidenten. Anders als bei uns im n\u00e4chsten Jahr ist die Wahl in den USA richtungsbestimmend. Da ist der amtierende Pr\u00e4sident Barack Obama, der f\u00fcr ein modernes Amerika steht \u2013 und da ist sein Herausforderer Mitt Romney, erz-konservativ und besonders in der Au\u00dfenpolitik unbedarft. Man mag Obama vorwerfen, nicht all seine geplanten Vorhaben in den letzten vier Jahren umgesetzt zu haben. Wen ich aber w\u00e4hlen w\u00fcrde, w\u00e4re ich US-B\u00fcrger, ist f\u00fcr mich klar wie klare Klo\u00dfbr\u00fche: Obama. Bis jetzt sieht es nach einem Kopf-an-Kopf-Rennen aus. Den Ausschlag d\u00fcrften wieder einmal die so genannten Swing States, die Schaukelstaaten, geben, die sich einmal f\u00fcr Links, dann f\u00fcr Rechts entscheiden. Besonders hart umk\u00e4mpft ist dabei Florida. Wer hier die Mehrheit der W\u00e4hler f\u00fcr sich gewinnt, ebnet sich den Weg ins Wei\u00dfe Haus.<\/p>\n<p>Ganz anders sieht es bei uns aus. Da kommt man bei der Bundestagswahl im Herbst 2013 wahrlich vom Regen in die Traufe. Die Wahl hat man zwischen Pest und Cholera, zwischen Merkel und Steinbr\u00fcck. Es hat etwas gedauert, bis die SPD ihren Kanzlerkandidaten gek\u00fcrt hat. Und die Wahl fiel auf Steinbr\u00fcck im Wesentlichen auch deshalb, weil er die gr\u00f6\u00dferen Chancen auf einen Wahlsieg versprach. Wen sollte die SPD auch sonst nehmen: Gabriel, der sich gern links-populistisch gibt, oder Steinmeier, den etwas Staubtrockenen?<\/p>\n<p>Ist Steinbr\u00fcck nun die richtige Wahl? Im Grunde aus Sicht der SPD ja, w\u00e4ren da nicht die andauernden Diskussionen um seine Nebeneink\u00fcnfte. Da frage ich mich eigentlich, warum Steinbr\u00fcck es sich antun will, Kanzler zu werden. Die Eink\u00fcnfte eines Kanzlers d\u00fcrften kaum die Eink\u00fcnfte aus seinen Vortr\u00e4gen usw. erreichen.<\/p>\n<p>Nur zwei Wochen nach dem Hoch, das die Kanzlerkandidaten-Entscheidung der SPD bescherte, ist sie wieder auf ihr altes Niveau gefallen. W\u00e4re jetzt Bundestagswahl, erhielten lt. <a href=\"http:\/\/www.heute.de\/ZDF\/zdfportal\/web\/heute-Nachrichten\/4672\/24951580\/b94c1c\/SPD-bricht-ein---CDUCSU-und-Gr%C3%BCne-legen-zu---Piraten-raus.html?tabNo=0\" target=\"_blank\">ZDF Politbarometer<\/a> CDU\/CSU 39 Prozent (plus eins), die SPD k\u00e4me jetzt wieder nur noch auf 29 Prozent (minus zwei). Im direkten Vergleich hat sich der Vorsprung von Merkel gegen\u00fcber Steinbr\u00fcck deutlich vergr\u00f6\u00dfert: Gefragt, wen die Deutschen lieber als Regierungschef\/-in h\u00e4tten, sprechen sich jetzt 52 Prozent (plus drei) f\u00fcr Angela Merkel und nur 37 Prozent (minus drei) f\u00fcr Peer Steinbr\u00fcck aus (wei\u00df nicht: elf Prozent).<\/p>\n<ul><img src=\"https:\/\/www.willizblog.de\/images\/merkel_steinbrueck.jpg\" alt=\"Merkel versus Steinbr\u00fcck (Quelle: Archivfoto von 2008 \u2013 Spiegel Online)\" title=\"Merkel versus Steinbr\u00fcck (Quelle: Archivfoto von 2008 \u2013 Spiegel Online)\" \/><\/ul>\n<p>Immerhin k\u00f6nnen die Gr\u00fcnen wieder leicht zulegen. Mit ihnen plant Herr Steinbr\u00fcck ja eine Koalition in einem Jahr. Und da weder die FDP noch die Piraten den Sprung in den Bundestag schaffen w\u00fcrden, blieben lediglich noch die Linken, die dann allerdings das ber\u00fchmte Z\u00fcnglein an der Waage spielten \u2013 was bekanntlich keiner will (au\u00dfer die Linken).<\/p>\n<p>Herrn Steinbr\u00fcck gilt als eloquent und in Wirtschaftsfragen kompetent. Manchmal ist er vielleicht zu redegewandt, denn ihm rutschen oft genug Sachen heraus, die ihn im Nachhinein reuen d\u00fcrften. Selbst in eigenen Reihen hat man ihn vorgeworfen, die sich abzeichnende Finanzkrise und deren Auswirkungen viel zu lange untersch\u00e4tzt zu haben. Und ich gestehe, gegen Steinbr\u00fcck auch h\u00f6chst pers\u00f6nlich meine Bedenken zu haben (z.B. die <a href=\"https:\/\/www.willizblog.de\/?p=6190\" target=\"_blank\">Steuerpflicht f\u00fcr Tagesm\u00fctter<\/a> betreffend).<\/p>\n<p>Aber deshalb die Merkel und ihre Vasallen w\u00e4hlen? Pest statt Cholera? Gottbewahre!<\/p>\n<p>Nun bis zur n\u00e4chsten Bundestagswahl flie\u00dft noch viel Wasser die Spree und Havel hinunter. Aber der Trend ist eindeutig: CDU\/CSU vor der SPD, da mag Herr Steinbr\u00fcck noch so viel in die Waagschale werfen wollen. Es werden die kleinen Parteien sein, die den Ausschlag geben werden. Und da kann sich noch einiges tun. Ob die FDP, um es vielleicht doch noch zum Einzug in den Bundestag zu schaffen, mit Leihstimmen aus dem Unionslager rechnen kann, ist heute eher mit nein zu beantworten. Aber wer wei\u00df &#8230; Alle anderen Parteien d\u00fcrften tendenziell eher die SPD unterst\u00fctzen. Kommt es dann am Ende wieder zu einer gro\u00dfen Koalition, die Steinbr\u00fcck heute noch vehement ablehnt?!<\/p>\n","protected":false},"excerpt":{"rendered":"<p>N\u00e4chste Woche ist es wieder soweit. Die US-Amerikaner w\u00e4hlen ihren Pr\u00e4sidenten. Anders als bei uns im n\u00e4chsten Jahr ist die Wahl in den USA richtungsbestimmend. Da ist der amtierende Pr\u00e4sident Barack Obama, der f\u00fcr ein modernes Amerika steht \u2013 und da ist sein Herausforderer Mitt Romney, erz-konservativ und besonders in der Au\u00dfenpolitik unbedarft. Man mag &hellip; <a href=\"https:\/\/willizblog.de\/?p=6586\" class=\"more-link\"><span class=\"screen-reader-text\">Ist Steinbr\u00fcck die richtige Wahl?<\/span> weiterlesen <span class=\"meta-nav\">&rarr;<\/span><\/a><\/p>\n","protected":false},"author":1,"featured_media":0,"comment_status":"open","ping_status":"open","sticky":false,"template":"","format":"standard","meta":[],"categories":[12],"tags":[],"_links":{"self":[{"href":"https:\/\/willizblog.de\/index.php?rest_route=\/wp\/v2\/posts\/6586"}],"collection":[{"href":"https:\/\/willizblog.de\/index.php?rest_route=\/wp\/v2\/posts"}],"about":[{"href":"https:\/\/willizblog.de\/index.php?rest_route=\/wp\/v2\/types\/post"}],"author":[{"embeddable":true,"href":"https:\/\/willizblog.de\/index.php?rest_route=\/wp\/v2\/users\/1"}],"replies":[{"embeddable":true,"href":"https:\/\/willizblog.de\/index.php?rest_route=%2Fwp%2Fv2%2Fcomments&post=6586"}],"version-history":[{"count":0,"href":"https:\/\/willizblog.de\/index.php?rest_route=\/wp\/v2\/posts\/6586\/revisions"}],"wp:attachment":[{"href":"https:\/\/willizblog.de\/index.php?rest_route=%2Fwp%2Fv2%2Fmedia&parent=6586"}],"wp:term":[{"taxonomy":"category","embeddable":true,"href":"https:\/\/willizblog.de\/index.php?rest_route=%2Fwp%2Fv2%2Fcategories&post=6586"},{"taxonomy":"post_tag","embeddable":true,"href":"https:\/\/willizblog.de\/index.php?rest_route=%2Fwp%2Fv2%2Ftags&post=6586"}],"curies":[{"name":"wp","href":"https:\/\/api.w.org\/{rel}","templated":true}]}}