{"id":6589,"date":"2012-11-01T08:01:09","date_gmt":"2012-11-01T06:01:09","guid":{"rendered":"http:\/\/www.willizblog.de\/?p=6589"},"modified":"2012-10-30T11:00:51","modified_gmt":"2012-10-30T09:00:51","slug":"jenseits-der-hemmschwelle","status":"publish","type":"post","link":"https:\/\/willizblog.de\/?p=6589","title":{"rendered":"Jenseits der Hemmschwelle"},"content":{"rendered":"<p>Wenn man wie ich zwei S\u00f6hne hat, dann ist man nat\u00fcrlich besonders sensibilisiert f\u00fcr alles, was mit \u201ader Jugend von heute\u2019, wie man immer wieder sagt, zu tun hat. Als Elternteil sollte man das zumindest. Daher habe ich mich auch in diesem Blog immer wieder mit Problemen der Jugend besch\u00e4ftigt.<\/p>\n<p>In Berlin wurde nun in der Nacht zum 14. Oktober ein 20-J\u00e4hriger auf offener Stra\u00dfe derart misshandelt, dass er kurz darauf verstarb. Die Gruppe junger T\u00e4ter wurde inzwischen identifiziert: <a href=\"http:\/\/www.ard.de\/rootnavi\/home\/jugendgewalt-in-deutschland\/-\/id=2168268\/1gf0n9i\/index.html\" target=\"_blank\">Jugendgewalt<\/a>, die entsetzt! Diese ungehemmte Brutalit\u00e4t, mit der manche Jugendliche gegen andere vorgehen, ist leider kein Einzelfall. Immer wieder rasten junge Menschen aus, schlagen ohne Gnade andere nieder und verletzen diese nicht unerheblich. Woher kommt diese Gewaltbereitschaft?<\/p>\n<p>Meistens liegen die Gr\u00fcnde im sozialen Umfeld der Jugendlichen. Es beginnt schon damit, dass <a href=\"https:\/\/www.willizblog.de\/?p=134\" target=\"_blank\">Deutschland wenig kindgerecht<\/a> ist. Vielen unserer Kleinen fehlt der Platz zum Spielen, der Raum zum Entfalten ihrer Kreativit\u00e4t. Ansonsten gibt es sicherlich Anhaltspunkte, die als Merkmale f\u00fcr die Jugendkriminalit\u00e4t betrachtet werden m\u00fcssen. Soziologen und Psychologen sehen z.B. im Schuleschw\u00e4nzen einen von drei Hauptindikatoren, dass Kinder und Jugendliche sp\u00e4ter kriminell werden. Hier spielt die Schule und im besonderen Ma\u00dfe auch die Familie eine Rolle. K\u00fcmmern sich weder Lehrer noch Eltern um die Schulschw\u00e4nzer, wird diesen keine entsprechende Hilfe zuteil, dann setzt sich m\u00f6glicherweise schnell eine Abw\u00e4rtsspirale in Gang. Das gilt besonders, wenn Kinder und Jugendliche kein f\u00fcr ihre weitere Entwicklung notwendiges Vertrauen, keine Zuneigung und Geborgenheit erfahren.<\/p>\n<p><em>\u201eF\u00fcr den Soziologen Baier ist das der zweite entscheidende Grund, warum Jugendliche kriminell werden: Sie landen im falschen Freundeskreis und lassen sich zu Taten \u00fcberreden, die sie allein niemals ausf\u00fchren w\u00fcrden. Besonders negativ sei dabei das Umfeld in Haupt- und F\u00f6rderschulen, wo Sch\u00fcler wenige positive Anreize bekommen und sich gegenseitig einreden, dass Anstrengung sich eh nicht lohnt.<\/em><\/p>\n<p><em>Viele dieser Jugendlichen f\u00fchlen sich vernachl\u00e4ssigt und von der Gesellschaft abgeh\u00e4ngt. Der Frust dar\u00fcber entl\u00e4dt sich in Gewalt gegen andere &#8211; oder aber gegen sich selbst. Denn ein dritter Hauptgrund f\u00fcr jugendliche Gewalt sind Drogen und Alkohol.\u201c<\/em> (Quelle: <a href=\"http:\/\/www.ard.de\/rootnavi\/home\/jugendgewalt-in-deutschland\/warum-werden-jugendliche-gewalttaetig\/-\/id=2168268\/nid=2168268\/did=2168334\/63klv8\/index.html\" target=\"_blank\">ard.de<\/a>)<\/p>\n<p>Nat\u00fcrlich sind das nur Indikatoren. Nicht jeder Schulschw\u00e4nzer wird kriminell. Es hat meist mehrere Gr\u00fcnde, die bei Jugendlichen die Hemmschwellen zur Gewaltanwendung sinken lassen. Wesentlicher Ausl\u00f6ser ist die Perspektivlosigkeit vieler Jugendlicher. Wer f\u00fcr sich keine Zukunft sieht, dem ist alles v\u00f6llig egal. Wenn hier nicht sinnvolle Hilfe angeboten wird, dann kann es <a href=\"https:\/\/www.willizblog.de\/?p=289\" target=\"_blank\">eines Tages nur noch krachen<\/a>.<\/p>\n<p>Nat\u00fcrlich ist es nicht nur die Gewalt gegen andere, sondern es gibt auch die Gewalt gegen sich selbst \u2013 bis hin zum Suizid. Und nicht immer spielen soziale Faktoren die gro\u00dfe Rolle. Manchmal sind Jugendliche auch emotional oder gar psychisch gest\u00f6rt. Dies gilt besonders bei jugendlichen Intensivt\u00e4ter.<\/p>\n<p>Was ist also zu tun? Nat\u00fcrlich rufen Gewaltverbrechen wie das in Berlin Entsetzen hervor. Aber es n\u00fctzt wenig, wenn besonders Politiker dann wieder nach einer Versch\u00e4rfung des Jugendstrafrechts verlangen. <em>\u201eWissenschaftler sind sich einig, dass die Anti-Gewalt-Trainings, die <a href=\"https:\/\/de.wikipedia.org\/wiki\/Pr%C3%A4vention\" target=\"_blank\">Pr\u00e4ventionsarbeit<\/a> an Schulen und generell die Arbeit der Sozialp\u00e4dagogen, Psychologen und Therapeuten entscheidenden Anteil daran, dass es immer weniger gewaltt\u00e4tige Kinder und Jugendliche in Deutschland gibt.\u201c<\/em> Aber mehr noch m\u00fcssen die Zukunftsaussichten f\u00fcr Jugendliche stimmen. Wer seine Talente sinnvoll einsetzen darf, wem Perspektiven geboten werden, der wird kaum zur sinnlosen Gewalt bereit sein.<\/p>\n","protected":false},"excerpt":{"rendered":"<p>Wenn man wie ich zwei S\u00f6hne hat, dann ist man nat\u00fcrlich besonders sensibilisiert f\u00fcr alles, was mit \u201ader Jugend von heute\u2019, wie man immer wieder sagt, zu tun hat. Als Elternteil sollte man das zumindest. Daher habe ich mich auch in diesem Blog immer wieder mit Problemen der Jugend besch\u00e4ftigt. In Berlin wurde nun in &hellip; <a href=\"https:\/\/willizblog.de\/?p=6589\" class=\"more-link\"><span class=\"screen-reader-text\">Jenseits der Hemmschwelle<\/span> weiterlesen <span class=\"meta-nav\">&rarr;<\/span><\/a><\/p>\n","protected":false},"author":1,"featured_media":0,"comment_status":"open","ping_status":"open","sticky":false,"template":"","format":"standard","meta":[],"categories":[2],"tags":[],"_links":{"self":[{"href":"https:\/\/willizblog.de\/index.php?rest_route=\/wp\/v2\/posts\/6589"}],"collection":[{"href":"https:\/\/willizblog.de\/index.php?rest_route=\/wp\/v2\/posts"}],"about":[{"href":"https:\/\/willizblog.de\/index.php?rest_route=\/wp\/v2\/types\/post"}],"author":[{"embeddable":true,"href":"https:\/\/willizblog.de\/index.php?rest_route=\/wp\/v2\/users\/1"}],"replies":[{"embeddable":true,"href":"https:\/\/willizblog.de\/index.php?rest_route=%2Fwp%2Fv2%2Fcomments&post=6589"}],"version-history":[{"count":0,"href":"https:\/\/willizblog.de\/index.php?rest_route=\/wp\/v2\/posts\/6589\/revisions"}],"wp:attachment":[{"href":"https:\/\/willizblog.de\/index.php?rest_route=%2Fwp%2Fv2%2Fmedia&parent=6589"}],"wp:term":[{"taxonomy":"category","embeddable":true,"href":"https:\/\/willizblog.de\/index.php?rest_route=%2Fwp%2Fv2%2Fcategories&post=6589"},{"taxonomy":"post_tag","embeddable":true,"href":"https:\/\/willizblog.de\/index.php?rest_route=%2Fwp%2Fv2%2Ftags&post=6589"}],"curies":[{"name":"wp","href":"https:\/\/api.w.org\/{rel}","templated":true}]}}