{"id":66,"date":"2005-03-08T12:39:38","date_gmt":"2005-03-08T11:39:38","guid":{"rendered":"http:\/\/www.albinz.de\/blog\/?p=66"},"modified":"2005-10-20T11:32:06","modified_gmt":"2005-10-20T09:32:06","slug":"sie-singen-wieder","status":"publish","type":"post","link":"https:\/\/willizblog.de\/?p=66","title":{"rendered":"Sie singen wieder &#8230;"},"content":{"rendered":"<p>Heute Morgen kurz vor 6 Uhr, als ich das Haus verlie\u00df, h\u00f6rte ich sie: Die V\u00f6gel singen wieder! Nach der auch f\u00fcr norddeutsche Verh\u00e4ltnisse langen eisigen Periode ist es wieder frostfrei. Und schon h\u00f6rt man die V\u00f6gel auch am fr\u00fchen Morgen zwitschern. Dann kann der Fr\u00fchling so weit nicht mehr sein &#8230;<\/p>\n","protected":false},"excerpt":{"rendered":"<p>Heute Morgen kurz vor 6 Uhr, als ich das Haus verlie\u00df, h\u00f6rte ich sie: Die V\u00f6gel singen wieder! Nach der auch f\u00fcr norddeutsche Verh\u00e4ltnisse langen eisigen Periode ist es wieder frostfrei. Und schon h\u00f6rt man die V\u00f6gel auch am fr\u00fchen Morgen zwitschern. Dann kann der Fr\u00fchling so weit nicht mehr sein &#8230;<\/p>\n","protected":false},"author":1,"featured_media":0,"comment_status":"closed","ping_status":"closed","sticky":false,"template":"","format":"standard","meta":[],"categories":[16],"tags":[],"_links":{"self":[{"href":"https:\/\/willizblog.de\/index.php?rest_route=\/wp\/v2\/posts\/66"}],"collection":[{"href":"https:\/\/willizblog.de\/index.php?rest_route=\/wp\/v2\/posts"}],"about":[{"href":"https:\/\/willizblog.de\/index.php?rest_route=\/wp\/v2\/types\/post"}],"author":[{"embeddable":true,"href":"https:\/\/willizblog.de\/index.php?rest_route=\/wp\/v2\/users\/1"}],"replies":[{"embeddable":true,"href":"https:\/\/willizblog.de\/index.php?rest_route=%2Fwp%2Fv2%2Fcomments&post=66"}],"version-history":[{"count":0,"href":"https:\/\/willizblog.de\/index.php?rest_route=\/wp\/v2\/posts\/66\/revisions"}],"wp:attachment":[{"href":"https:\/\/willizblog.de\/index.php?rest_route=%2Fwp%2Fv2%2Fmedia&parent=66"}],"wp:term":[{"taxonomy":"category","embeddable":true,"href":"https:\/\/willizblog.de\/index.php?rest_route=%2Fwp%2Fv2%2Fcategories&post=66"},{"taxonomy":"post_tag","embeddable":true,"href":"https:\/\/willizblog.de\/index.php?rest_route=%2Fwp%2Fv2%2Ftags&post=66"}],"curies":[{"name":"wp","href":"https:\/\/api.w.org\/{rel}","templated":true}]}}