{"id":6627,"date":"2012-11-11T08:38:40","date_gmt":"2012-11-11T06:38:40","guid":{"rendered":"http:\/\/www.willizblog.de\/?p=6627"},"modified":"2012-11-10T16:39:36","modified_gmt":"2012-11-10T14:39:36","slug":"lose-blattsammlung-herbst-2012-3","status":"publish","type":"post","link":"https:\/\/willizblog.de\/?p=6627","title":{"rendered":"Lose Blattsammlung Herbst 2012 (3)"},"content":{"rendered":"<p>Besonders der Wald ist bedeckt mit dem gefallenen Laub. Wenn, wie am Montag, die Sonne hervorkommt, dann scheinen die Bl\u00e4tter in einer golden-braunen Farbe, die das ansonsten \u00fcberwiegende Grau des Novembers vergessen machen.<\/p>\n<p><img src=\"https:\/\/www.willizblog.de\/images\/wald_lose_blattsammlung_2012_01.jpg\" alt=\"Bl\u00e4ttersammlung im Wald\" title=\"Bl\u00e4ttersammlung im Wald\" \/><\/p>\n<p>Auch wenn die dem sonnigen Montag folgenden Tagen wieder viel grauen Himmel und auch reichlich Regen brauchten, so sind die Aussichten f\u00fcr die n\u00e4chste Woche wieder erfreulich: Die Sonne soll f\u00fcr mehrere Stunden am Tag hervorkommen. Ein Hoch macht sich \u00fcber uns breit. So kann ich wenigstens die beiden letzten Tage meines Herbsturlaubs noch einwenig genie\u00dfen.<\/p>\n","protected":false},"excerpt":{"rendered":"<p>Besonders der Wald ist bedeckt mit dem gefallenen Laub. Wenn, wie am Montag, die Sonne hervorkommt, dann scheinen die Bl\u00e4tter in einer golden-braunen Farbe, die das ansonsten \u00fcberwiegende Grau des Novembers vergessen machen. Auch wenn die dem sonnigen Montag folgenden Tagen wieder viel grauen Himmel und auch reichlich Regen brauchten, so sind die Aussichten f\u00fcr &hellip; <a href=\"https:\/\/willizblog.de\/?p=6627\" class=\"more-link\"><span class=\"screen-reader-text\">Lose Blattsammlung Herbst 2012 (3)<\/span> weiterlesen <span class=\"meta-nav\">&rarr;<\/span><\/a><\/p>\n","protected":false},"author":1,"featured_media":0,"comment_status":"open","ping_status":"open","sticky":false,"template":"","format":"standard","meta":[],"categories":[16],"tags":[],"_links":{"self":[{"href":"https:\/\/willizblog.de\/index.php?rest_route=\/wp\/v2\/posts\/6627"}],"collection":[{"href":"https:\/\/willizblog.de\/index.php?rest_route=\/wp\/v2\/posts"}],"about":[{"href":"https:\/\/willizblog.de\/index.php?rest_route=\/wp\/v2\/types\/post"}],"author":[{"embeddable":true,"href":"https:\/\/willizblog.de\/index.php?rest_route=\/wp\/v2\/users\/1"}],"replies":[{"embeddable":true,"href":"https:\/\/willizblog.de\/index.php?rest_route=%2Fwp%2Fv2%2Fcomments&post=6627"}],"version-history":[{"count":0,"href":"https:\/\/willizblog.de\/index.php?rest_route=\/wp\/v2\/posts\/6627\/revisions"}],"wp:attachment":[{"href":"https:\/\/willizblog.de\/index.php?rest_route=%2Fwp%2Fv2%2Fmedia&parent=6627"}],"wp:term":[{"taxonomy":"category","embeddable":true,"href":"https:\/\/willizblog.de\/index.php?rest_route=%2Fwp%2Fv2%2Fcategories&post=6627"},{"taxonomy":"post_tag","embeddable":true,"href":"https:\/\/willizblog.de\/index.php?rest_route=%2Fwp%2Fv2%2Ftags&post=6627"}],"curies":[{"name":"wp","href":"https:\/\/api.w.org\/{rel}","templated":true}]}}