{"id":6635,"date":"2012-11-13T08:00:07","date_gmt":"2012-11-13T06:00:07","guid":{"rendered":"http:\/\/www.willizblog.de\/?p=6635"},"modified":"2012-11-12T15:02:47","modified_gmt":"2012-11-12T13:02:47","slug":"durch-wald-uber-feld-wiesen-%e2%80%93-herbst-2012","status":"publish","type":"post","link":"https:\/\/willizblog.de\/?p=6635","title":{"rendered":"Durch Wald, \u00fcber Feld &#038; Wiesen \u2013 Herbst 2012"},"content":{"rendered":"<p>Ja, heute ist mein letzter Herbsturlaubstag. Und das Wetter zeigt sich vers\u00f6hnlich mit mir (das war nicht alle Tage so): Wenig Sonne zwar, aber trocken und angenehm frisch, um mit dem Rad oder zu Fu\u00df noch einmal durch die Landschaft zu ziehen. Okay, die Fotos sind vom Montag der letzten Woche, aber sie zeigen, wie sch\u00f6n es (bei Sonne oder auch nicht) im <em>Herbst<\/em> sein kann. Da hat es schon \u201aetwas\u2019, wenn man die Natur gewisserma\u00dfen vor der Haust\u00fcre hat. Ich w\u00fcnsche Euch allen noch weitere sch\u00f6ne Herbsttage. Der n\u00e4chste <em>Winter<\/em> kommt bestimmt &#8230;<\/p>\n<p><object classid=\"clsid:D27CDB6E-AE6D-11cf-96B8-444553540000\" width=\"540\" height=\"280\" codebase=\"http:\/\/download.macromedia.com\/pub\/shockwave\/cabs\/flash\/swflash.cab\"><param name=\"movie\" value=\"https:\/\/www.willizblog.de\/blogpicts\/slideshow.swf?file=https:\/\/www.willizblog.de\/images\/wald_lose_blattsammlung_2012.xml\" \/><param name=\"wmode\" value=\"transparent\" \/><embed width=\"540\" height=\"280\" src=\"https:\/\/www.willizblog.de\/blogpicts\/slideshow.swf?file=https:\/\/www.willizblog.de\/images\/wald_lose_blattsammlung_2012.xml\" type=\"application\/x-shockwave-flash\" pluginspage=\"http:\/\/www.macromedia.com\/go\/getflashplayer\" wmode=\"transparent\" \/><\/object><br \/>\nDurch Wald, \u00fcber Feld &#038; Wiesen \u2013 Tostedt 2012 (D\u00fcvelsh\u00f6pen) &#8211; Herbst 2012<\/p>\n<p><iframe loading=\"lazy\" width=\"540\" height=\"280\" frameborder=\"0\" scrolling=\"no\" marginheight=\"0\" marginwidth=\"0\" src=\"https:\/\/maps.google.de\/maps?q=tostedt+d%C3%BCvelsh%C3%B6pen&amp;oe=utf-8&amp;aq=t&amp;client=firefox-a&amp;ie=UTF8&amp;hl=de&amp;hq=d%C3%BCvelsh%C3%B6pen&amp;hnear=Tostedt,+Niedersachsen&amp;t=h&amp;ll=53.267189,9.708545&amp;spn=0.003593,0.011566&amp;z=16&amp;iwloc=A&amp;output=embed\"><\/iframe><br \/>\nTostedt \u2013 <a href=\"https:\/\/www.willizblog.de\/?p=2658\" target=\"_blank\">D\u00fcvelsh\u00f6pen<\/a> und Umgebung<\/p>\n<p><img src=\"https:\/\/www.willizblog.de\/images\/wald_lose_blattsammlung_2012_02.jpg\" alt=\"Durch Wald, \u00fcber Feld und Wiesen ... Herbst 2012 D\u00fcvelsh\u00f6pen, Tostedt\" title=\"Durch Wald, \u00fcber Feld und Wiesen ... Herbst 2012 D\u00fcvelsh\u00f6pen, Tostedt\" \/><\/p>\n","protected":false},"excerpt":{"rendered":"<p>Ja, heute ist mein letzter Herbsturlaubstag. Und das Wetter zeigt sich vers\u00f6hnlich mit mir (das war nicht alle Tage so): Wenig Sonne zwar, aber trocken und angenehm frisch, um mit dem Rad oder zu Fu\u00df noch einmal durch die Landschaft zu ziehen. Okay, die Fotos sind vom Montag der letzten Woche, aber sie zeigen, wie &hellip; <a href=\"https:\/\/willizblog.de\/?p=6635\" class=\"more-link\"><span class=\"screen-reader-text\">Durch Wald, \u00fcber Feld &#038; Wiesen \u2013 Herbst 2012<\/span> weiterlesen <span class=\"meta-nav\">&rarr;<\/span><\/a><\/p>\n","protected":false},"author":1,"featured_media":0,"comment_status":"open","ping_status":"open","sticky":false,"template":"","format":"standard","meta":[],"categories":[16,11],"tags":[],"_links":{"self":[{"href":"https:\/\/willizblog.de\/index.php?rest_route=\/wp\/v2\/posts\/6635"}],"collection":[{"href":"https:\/\/willizblog.de\/index.php?rest_route=\/wp\/v2\/posts"}],"about":[{"href":"https:\/\/willizblog.de\/index.php?rest_route=\/wp\/v2\/types\/post"}],"author":[{"embeddable":true,"href":"https:\/\/willizblog.de\/index.php?rest_route=\/wp\/v2\/users\/1"}],"replies":[{"embeddable":true,"href":"https:\/\/willizblog.de\/index.php?rest_route=%2Fwp%2Fv2%2Fcomments&post=6635"}],"version-history":[{"count":0,"href":"https:\/\/willizblog.de\/index.php?rest_route=\/wp\/v2\/posts\/6635\/revisions"}],"wp:attachment":[{"href":"https:\/\/willizblog.de\/index.php?rest_route=%2Fwp%2Fv2%2Fmedia&parent=6635"}],"wp:term":[{"taxonomy":"category","embeddable":true,"href":"https:\/\/willizblog.de\/index.php?rest_route=%2Fwp%2Fv2%2Fcategories&post=6635"},{"taxonomy":"post_tag","embeddable":true,"href":"https:\/\/willizblog.de\/index.php?rest_route=%2Fwp%2Fv2%2Ftags&post=6635"}],"curies":[{"name":"wp","href":"https:\/\/api.w.org\/{rel}","templated":true}]}}