{"id":6638,"date":"2012-11-14T11:28:38","date_gmt":"2012-11-14T09:28:38","guid":{"rendered":"http:\/\/www.willizblog.de\/?p=6638"},"modified":"2012-11-14T11:30:04","modified_gmt":"2012-11-14T09:30:04","slug":"erich-fromm-anatomie-der-menschlichen-destruktivitat","status":"publish","type":"post","link":"https:\/\/willizblog.de\/?p=6638","title":{"rendered":"Erich Fromm: Anatomie der menschlichen Destruktivit\u00e4t"},"content":{"rendered":"<ul><em>Man f\u00fchlt sich mitten unter lauter anderen, die an dem gleichen Defekt leiden, recht wohl; tats\u00e4chlich ist es der geistig v\u00f6llig gesunde Mensch, der sich in einer geistesgest\u00f6rten Gesellschaft isoliert f\u00fchlt \u2013 und er kann so sehr unter seiner Unf\u00e4higkeit, mit den anderen in Beziehung zu treten, leiden, da\u00df er nun seinerseits psychotisch wird.<\/em><br \/>\n<a href=\"https:\/\/de.wikipedia.org\/wiki\/Erich_Fromm\" target=\"_blank\">Erich Fromm<\/a>: <a href=\"https:\/\/de.wikipedia.org\/wiki\/Anatomie_der_menschlichen_Destruktivit%C3%A4t\" target=\"_blank\">Anatomie der menschlichen Destruktivit\u00e4t<\/a> (S. 401)<\/ul>\n<ul><img src=\"https:\/\/www.albinz.net\/models\/erich_fromm.jpg\" alt=\"Erich Fromm\" title=\"Erich Fromm\" \/><\/ul>\n<p><em>Krieg, Gewaltt\u00e4tigkeit, Verbrechen haben ein Ausma\u00df erreicht, das die Aufdeckung ihrer Ursachen zu einer Frage des \u00dcberlebens macht. Keine L\u00f6sung, allenfalls Entlastung f\u00fcr das schlechte Gewissen bietet die These, mit der <a href=\"https:\/\/de.wikipedia.org\/wiki\/Konrad_Lorenz\" target=\"_blank\">Konrad Lorenz<\/a> ber\u00fchmt wurde. Er erkl\u00e4rte die menschliche Aggression zum Naturgesetz, zum angeborenen Trieb, der vielleicht zu kanalisieren, aber nicht zu unterbinden sei. Ihm erteilt Erich Fromm, einer der bedeutendsten Sozialpsychologen unserer Zeit, eine radikale Absage.<\/em><\/p>\n<p><em>Fromm unterscheidet zwischen defensiver Aggression, die der Erhaltung des Lebens beim Menschen wie beim Tier dient, und einer destruktiven Lust am Qu\u00e4len und T\u00f6ten, die spezifisch menschlich ist. Gest\u00fctzt auf die wichtigsten Daten der Neurophysiologie, Pal\u00e4ontologie, Anthropologie und Tierpsychologie kl\u00e4rt er die Grundvoraussetzungen der menschlichen Existenz. Er beschreibt detailliert \u2013 am eindringlichsten in den brillanten Studien zu Stalin, Himmler und Hitler -, aus welchen individuellen und sozialen Ursachen die Unf\u00e4higkeit, zu lieben und sich rational zu verhalten, erw\u00e4chst und wie sie notwendig zu der Leidenschaft f\u00fchrt, Leben entweder absolut zu kontrollieren oder zu vernichten.<\/em><\/p>\n<p><em>Die \u201eAnatomie der menschlichen Destruktivit\u00e4t\u201c ist ein epochemachendes Werk von gr\u00f6\u00dfter empirischen Sorgfalt und h\u00f6chster theoretischer Originalit\u00e4t. Es ist eine Verteidigung der menschlichen W\u00fcrde, ein wohlbegr\u00fcndeter Appell an die Menschheit, ihr Leben und dessen gesellschaftspolitische Bedingungen zu ver\u00e4ndern.<\/em><\/p>\n<p><em>Erich Fromm, Psychoanalytiker, Sozialphilosoph und Autor [&#8230;] wurde 1900 in Frankfurt geboren.<\/em><\/p>\n<p><em>Neben Marcuse, L\u00f6wenthal, Adorno, Benjamin und Pollock geh\u00f6rte Fromm, nach seinem Studium in Heidelberg, Frankfurt und M\u00fcnchen und seiner Promotion 1922, zum Kreis junger Gelehrter um Max Horkheimer, zur weltbekannten <a href=\"https:\/\/de.wikipedia.org\/wiki\/Frankfurter_Schule\" target=\"_blank\">\u201eFrankfurter Schule\u201c<\/a>.<\/em><\/p>\n<p><em>1933 ging Fromm an das Psychoanalytische Institut in Chicago und zog 1934 nach New York, wo er an der Columbia University Vorlesungen hielt.<\/em><\/p>\n<p><em>1946 gr\u00fcndete er mit anderen das <a href=\"https:\/\/de.wikipedia.org\/wiki\/William_Alanson_White_Institute\" target=\"_blank\">William Alanson White Institute<\/a><\/em> [&#8230;]. <em>1949 nahm er eine Professur an der Nationaluniversit\u00e4t in Mexico City an und wurde dort 1950 Ordinarius f\u00fcr Psychoanalyse.<\/em><br \/>\n(aus dem Klappentext)<\/p>\n<p>1980 verstarb Erich Fromm in der Schweiz.<\/p>\n<p><img src=\"https:\/\/www.willizblog.de\/images\/fromm_erich_anatomie.jpg\" alt=\"Erich Fromm: Anatomie der menschlichen Destruktivit\u00e4t\" title=\"Erich Fromm: Anatomie der menschlichen Destruktivit\u00e4t\" \/><\/p>\n<p>Erich Fromm war einer der einflussreichen Denker des 20. Jahrhunderts, <em>\u201eauch wenn er in der akademischen Welt oft untersch\u00e4tzt wurde. Viele seiner B\u00fccher wurden zu Bestsellern; seine Gedanken wurden auch au\u00dferhalb der Fachwelt breit diskutiert.\u201c<\/em> Eines seiner wichtigsten Werke ist <a href=\"https:\/\/www.amazon.de\/gp\/product\/3499170523\/ref=as_li_tf_tl?ie=UTF8&#038;camp=1638&#038;creative=6742&#038;creativeASIN=3499170523&#038;linkCode=as2&#038;tag=familiealbin-21\" target=\"_blank\"><strong>Anatomie der menschlichen Destruktivit\u00e4t<\/strong><\/a><img loading=\"lazy\" src=\"https:\/\/www.assoc-amazon.de\/e\/ir?t=familiealbin-21&#038;l=as2&#038;o=3&#038;a=3499170523\" width=\"1\" height=\"1\" border=\"0\" alt=\"\" style=\"border:none !important; margin:0px !important;\" \/>, das ich als Taschenbuch (Rowohlt Taschenbuch Verlag, Reinbek bei Hamburg, 29. \u2013 35. Tsd. September 1977) vorliegen und bereits 1978 zum ersten Mal gelesen habe. In meinem Beitrag <a href=\"https:\/\/www.willizblog.de\/?p=812\" target=\"_blank\">Bestie Mensch<\/a> habe ich mich bereits einmal auf dieses Buch bezogen.<\/p>\n<p>Wer sich als Mensch verstehen will, kommt eigentlich an diesem Buch nicht vorbei. Nat\u00fcrlich gibt es fast 40 Jahre nach seinem Erscheinen einige Kritik, die sich auf inzwischen neue natur- und sozialwissenschaftliche Erkenntnisse beziehen. Im Ganzen bleibt aber viel auch heute noch G\u00fcltiges bestehen, das uns aufzeigt, wohin der Mensch in seiner Entwicklung \u201akommen\u2019 kann. Fromm glaubt, das trotz der Destruktivit\u00e4t, trotz aller Grausamkeit auch unserer Tage, eine \u00c4nderung zum Besseren m\u00f6glich ist. Was bleibt uns sonst \u00fcbrig. Fromm schreibt am Schluss:<\/p>\n<p><em>Die meisten Menschen sind schnell bereit, den Glauben an eine Vervollkommnung des Menschen als unrealistisch abzutun; aber sie erkennen nicht, da\u00df die Verzweiflung oft genauso unrealistisch ist. Es ist einfach zu sagen: \u201eDer Mensch war von jeher ein M\u00f6rder.\u201c Aber diese Behauptung ist nicht richtig, denn sie vers\u00e4umt, die Kompliziertheit in der Geschichte der Destruktivit\u00e4t zu ber\u00fccksichtigen. Ebenso leicht ist es, zu sagen: \u201eDer Wunsch, die anderen auszubeuten, entspricht eben der menschlichen Natur\u201c; aber auch diese Behauptung \u00fcbersieht (oder verzerrt) die Tatsachen. Kurz gesagt, die Behauptung \u201eDie menschliche Natur ist b\u00f6se\u201c ist keine Spur realistischer als die Behauptung \u201eDie menschliche Natur ist gut\u201c. Aber es ist viel leichter, das erstere zu sagen; jeder, der die Schlechtigkeit des Menschen beweisen will, findet n\u00e4mlich bereitwillig Zustimmung, weil er damit einem jeden ein Alibi f\u00fcr die eigenen S\u00fcnden bietet \u2013 und scheinbar damit nichts riskiert; und dennoch \u2013 irrationale Verzweiflung zu verbreiten ist destruktiv, wie es das Verbreiten jeder Unwahrheit ist; es entmutigt und verwirrt. Irrationalen Glauben zu predigen oder einen falschen Messias anzuk\u00fcndigen, ist kaum weniger destruktiv \u2013 es verf\u00fchrt und l\u00e4hmt.<\/em><\/p>\n<p><em>Die Haltung der Majorit\u00e4t ist weder die des Glaubens noch die der Verzweiflung, sondern leider die einer v\u00f6lligen Gleichg\u00fcltigkeit gegen\u00fcber der Zukunft der Menschheit. Wer nicht v\u00f6llig gleichg\u00fcltig ist, nimmt die Haltung des \u201eOptimismus\u201c oder des \u201ePessimismus\u201c ein. Die Optimisten sind die Gl\u00e4ubigen des Dogmas vom st\u00e4ndigen \u201eFortschritt\u201c. Sie haben sich daran gew\u00f6hnt, die menschliche Leistung mit der technischen Leistung zu identifizieren, die menschliche Freiheit mit der Freiheit vom unmittelbaren Zwang und der Freiheit des Konsumenten zur Wahl zwischen vielen, angeblich unterschiedlichen Gebrauchsg\u00fctern.<\/em> [&#8230;] (S. 489)<\/p>\n<p>Um die Vervollkommnung des Menschen zu erreichen, muss es allerdings \u00c4nderungen in unserer Gesellschaft geben. In seinem Buch <a href=\"https:\/\/www.willizblog.de\/?p=2403\" target=\"_blank\">Haben oder Sein<\/a> hat Fromm eine Utopie entworfen, die er <a href=\"https:\/\/www.willizblog.de\/?p=2534\" target=\"_blank\">Stadt des Seins<\/a> nannte. Hier beschrieb er die Wesensmerkmale der neuen Gesellschaft. Fromms Anatomie der menschlichen Destruktivit\u00e4t ist im Wesentlichen auch eine Kritik unserer, der vor allem auf Konsum ausgerichteten Gesellschaft. Wie wahr seine Gedanken auch heute noch sind, zeigt z.B. die R\u00fccksichtslosigkeit der Bankenbranche, die u.a. mit Lebensmittel zockt, ohne einen Gedanken an die Mitmenschen zu verlieren. Ich brauche kaum zu erw\u00e4hnen, dass ich das Buch von Erich Fromm, wie \u00fcbrigens alle seine B\u00fccher, empfehlen kann.<\/p>\n<p>Siehe auch meine Beitr\u00e4ge:<br \/>\n<a href=\"https:\/\/www.willizblog.de\/?p=38\" target=\"_blank\">Die Kunst des Liebens &#8211; zum 25. Todestag von Erich Fromm<\/a><br \/>\n<a href=\"https:\/\/www.willizblog.de\/?p=966\" target=\"_blank\">Erik H. Erikson: Identit\u00e4t und Lebenszyklus<\/a><\/p>\n","protected":false},"excerpt":{"rendered":"<p>Man f\u00fchlt sich mitten unter lauter anderen, die an dem gleichen Defekt leiden, recht wohl; tats\u00e4chlich ist es der geistig v\u00f6llig gesunde Mensch, der sich in einer geistesgest\u00f6rten Gesellschaft isoliert f\u00fchlt \u2013 und er kann so sehr unter seiner Unf\u00e4higkeit, mit den anderen in Beziehung zu treten, leiden, da\u00df er nun seinerseits psychotisch wird. Erich &hellip; <a href=\"https:\/\/willizblog.de\/?p=6638\" class=\"more-link\"><span class=\"screen-reader-text\">Erich Fromm: Anatomie der menschlichen Destruktivit\u00e4t<\/span> weiterlesen <span class=\"meta-nav\">&rarr;<\/span><\/a><\/p>\n","protected":false},"author":1,"featured_media":0,"comment_status":"open","ping_status":"open","sticky":false,"template":"","format":"standard","meta":[],"categories":[15,14],"tags":[],"_links":{"self":[{"href":"https:\/\/willizblog.de\/index.php?rest_route=\/wp\/v2\/posts\/6638"}],"collection":[{"href":"https:\/\/willizblog.de\/index.php?rest_route=\/wp\/v2\/posts"}],"about":[{"href":"https:\/\/willizblog.de\/index.php?rest_route=\/wp\/v2\/types\/post"}],"author":[{"embeddable":true,"href":"https:\/\/willizblog.de\/index.php?rest_route=\/wp\/v2\/users\/1"}],"replies":[{"embeddable":true,"href":"https:\/\/willizblog.de\/index.php?rest_route=%2Fwp%2Fv2%2Fcomments&post=6638"}],"version-history":[{"count":0,"href":"https:\/\/willizblog.de\/index.php?rest_route=\/wp\/v2\/posts\/6638\/revisions"}],"wp:attachment":[{"href":"https:\/\/willizblog.de\/index.php?rest_route=%2Fwp%2Fv2%2Fmedia&parent=6638"}],"wp:term":[{"taxonomy":"category","embeddable":true,"href":"https:\/\/willizblog.de\/index.php?rest_route=%2Fwp%2Fv2%2Fcategories&post=6638"},{"taxonomy":"post_tag","embeddable":true,"href":"https:\/\/willizblog.de\/index.php?rest_route=%2Fwp%2Fv2%2Ftags&post=6638"}],"curies":[{"name":"wp","href":"https:\/\/api.w.org\/{rel}","templated":true}]}}