{"id":6642,"date":"2012-11-15T12:18:32","date_gmt":"2012-11-15T10:18:32","guid":{"rendered":"http:\/\/www.willizblog.de\/?p=6642"},"modified":"2012-11-15T12:19:57","modified_gmt":"2012-11-15T10:19:57","slug":"das-werder-phanomen-1-und-schon-ist-er-weg","status":"publish","type":"post","link":"https:\/\/willizblog.de\/?p=6642","title":{"rendered":"Das Werder-Ph\u00e4nomen (1): Und schon ist er weg"},"content":{"rendered":"<p>Er hat lang um den hei\u00dfen Brei herumgeredet. Jetzt ist es amtlich. Seit heute ist Klaus Allofs &#8211; 13 Jahre an der Seite von Thomas Schaaf , zuletzt als Sportdirektor und Vorsitzender der Gesch\u00e4ftsf\u00fchrung, verantwortlich f\u00fcr den Profifu\u00dfball in Bremen beim SV Werder \u2013 neuer Gesch\u00e4ftsf\u00fchrer Sport und damit <a href=\"http:\/\/www.weser-kurier.de\/werder\/profis_artikel,-Dieses-Mal-war-ich-bereit-_arid,431870.html\" target=\"_blank\">Nachfolger von Felix Magath<\/a> beim VfL Wolfsburg. Es d\u00fcrfte auch das Geld sein, das Allofs von der Weser an die Aller zieht. Sein neues Gehalt wird sich auf drei Millionen Euro beziffern und damit das Doppelte des bisherigen betragen. Au\u00dferdem wird er beim VW-Werksverein weitaus mehr Geld f\u00fcr Transfers zur Verf\u00fcgung haben als in Bremen. Leider ist dieser Abgang nicht gerade stilvoll und fast ein Abschied durch die Hintert\u00fcre.<\/p>\n<p>Ganz so \u00fcberraschend kam das allerdings nicht. Schon fr\u00fcher hatten mehrere Clubs bei Allofs angeklopft. Jetzt ging das dann aber doch etwas schnell, wenn auch abzusehen war, dass Allofs f\u00fcr den in Wolfsburg vakant gewordenen Job so ziemlich als erster in Frage kam. Der <a href=\"http:\/\/www.willilemke.com\/content\/15\/Werder_bremen.html\" target=\"_blank\">Chef des Werder-Aufsichtsrates, Willi Lemke<\/a>, muss die beiden Jobs nat\u00fcrlich <a href=\"http:\/\/www.weser-kurier.de\/werder\/profis_artikel,-Die-Nachfolger-Suche-beginnt-_arid,432547.html\" target=\"_blank\">neu besetzen<\/a>. Zun\u00e4chst wird wohl Frank Baumann, lange Zeit als Spieler in Werders Diensten und bis jetzt Assistent von Allofs, die Gesch\u00e4fte \u00fcbernehmen. Als m\u00f6glicher Nachfolger wird Dietmar Beiersdorfer, von 1992 bis 1996 Spieler bei Werder und aktueller Sportdirektor von Zenit St. Petersburg, gehandelt.<\/p>\n<p><img src=\"https:\/\/www.willizblog.de\/blogpicts\/werder_sinking_ship.jpg\" alt=\"Werder Bremen. Mit neuem Kapit\u00e4n ...\" title=\"Werder Bremen. Mit neuem Kapit\u00e4n ...\" \/><\/p>\n<p>Seit dem Sommer 2011 galt das Verh\u00e4ltnis von Allofs zu Aufsichtsratschef Willi Lemke als gespannt, ja sogar als zerr\u00fcttet. Ausl\u00f6ser war ein \u00f6ffentlich ausgetragener Streit um die Finanz- und Personalpolitik. Allerdings sagte Allofs gestern \u00fcber seinen Wechsel, Gr\u00fcnde seien &#8222;nicht Unzufriedenheit, Querelen oder fehlende Perspektive \u2013 es war einfach die Gelegenheit&#8220;. F\u00fcr Werders Gesch\u00e4ftsjahr 2011\/12 musste Allofs j\u00fcngst einen Verlust von 13,9 Millionen Euro bekannt geben.<\/p>\n<p>Trotz des hohen Verlustes hinterl\u00e4sst Klaus Allofs ein wohl gepfl\u00fcgtes Feld in Bremen. <a href=\"https:\/\/www.willizblog.de\/?p=6175\" target=\"_blank\">Der Umbruch<\/a> scheint gelungen zu sein, wenn der sportliche Erfolg auch noch aussteht. Die Personalkosten f\u00fcrs neue Gesch\u00e4ftsjahr d\u00fcrften erheblich gesenkt sein. Allofs hat w\u00e4hrend seiner Zeit in Bremen f\u00fcr wenig Geld viele ausgezeichnete Spieler an die Weser geholt, u.a. den franz\u00f6sischen Spielmacher Johan Micoud (2002), Miroslav Klose (2004), Naldo (2005), Diego (2006) und Mesut \u00d6zil (2008). Auch dass er Claudio Pizarro 2008 an die Weser zur\u00fcckholte, z\u00e4hlte zu seinen exzellenten Personalentscheidungen. In seinen letzten Bremer Jahren hatte der geb\u00fcrtige D\u00fcsseldorfer allerdings nicht immer eine gl\u00fcckliche Hand. Die Verpflichtungen der Brasilianer Carlos Alberto (2007) und Wesley (2010) kann man nur als Flops bezeichnen. Auch der fr\u00fchere N\u00fcrnberger Mehmet Ekici (2011) hielt bisher nicht, was man sich von ihm versprach.<\/p>\n<p>Immerhin wird Werder f\u00fcr Allofs eine Art Abl\u00f6sesumme erhalten, denn sein Vertrag bei Werder sollte noch bis 2015 laufen. Von f\u00fcnf oder sechs Millionen Euro ist die Rede. Zu viel f\u00fcr Wolfsburg, zu wenig f\u00fcr Werder. Damit reiht sich der Wechsel Allofs\u2019 in die vielen Transfers von Spielern ein, die f\u00fcr oftmals wenig Geld zu Werder kamen und dann f\u00fcr viel Geld den Verein wieder wechselten: Gewisserma\u00dfen ein Werder-Ph\u00e4nomen und f\u00fcr einen kleinen Verein wie dem SVW \u00fcberlebenswichtig. Auf diese Weise wird mit der \u201aAbl\u00f6se\u2019 f\u00fcr Allofs auch der teuerste Transfer in der Werdergeschichte (Carlos Alberto f\u00fcr acht Millionen Euro), der sich dann ja als Schlag ins Weserwasser erwies, halbwegs ausgeglichen.<\/p>\n<p>Obwohl der VfL Wolfsburg noch nicht daran denkt, den Interimscoach Lorenz-G\u00fcnther K\u00f6stner, der bisher gute Arbeit leistet, auszutauschen, k\u00f6nnte es m\u00f6glich werden, dass Trainer Thomas Schaaf eines Tage Allofs an die Aller folgt. Nun denn &#8230;<\/p>\n","protected":false},"excerpt":{"rendered":"<p>Er hat lang um den hei\u00dfen Brei herumgeredet. Jetzt ist es amtlich. Seit heute ist Klaus Allofs &#8211; 13 Jahre an der Seite von Thomas Schaaf , zuletzt als Sportdirektor und Vorsitzender der Gesch\u00e4ftsf\u00fchrung, verantwortlich f\u00fcr den Profifu\u00dfball in Bremen beim SV Werder \u2013 neuer Gesch\u00e4ftsf\u00fchrer Sport und damit Nachfolger von Felix Magath beim VfL &hellip; <a href=\"https:\/\/willizblog.de\/?p=6642\" class=\"more-link\"><span class=\"screen-reader-text\">Das Werder-Ph\u00e4nomen (1): Und schon ist er weg<\/span> weiterlesen <span class=\"meta-nav\">&rarr;<\/span><\/a><\/p>\n","protected":false},"author":1,"featured_media":0,"comment_status":"open","ping_status":"open","sticky":false,"template":"","format":"standard","meta":[],"categories":[27],"tags":[],"_links":{"self":[{"href":"https:\/\/willizblog.de\/index.php?rest_route=\/wp\/v2\/posts\/6642"}],"collection":[{"href":"https:\/\/willizblog.de\/index.php?rest_route=\/wp\/v2\/posts"}],"about":[{"href":"https:\/\/willizblog.de\/index.php?rest_route=\/wp\/v2\/types\/post"}],"author":[{"embeddable":true,"href":"https:\/\/willizblog.de\/index.php?rest_route=\/wp\/v2\/users\/1"}],"replies":[{"embeddable":true,"href":"https:\/\/willizblog.de\/index.php?rest_route=%2Fwp%2Fv2%2Fcomments&post=6642"}],"version-history":[{"count":0,"href":"https:\/\/willizblog.de\/index.php?rest_route=\/wp\/v2\/posts\/6642\/revisions"}],"wp:attachment":[{"href":"https:\/\/willizblog.de\/index.php?rest_route=%2Fwp%2Fv2%2Fmedia&parent=6642"}],"wp:term":[{"taxonomy":"category","embeddable":true,"href":"https:\/\/willizblog.de\/index.php?rest_route=%2Fwp%2Fv2%2Fcategories&post=6642"},{"taxonomy":"post_tag","embeddable":true,"href":"https:\/\/willizblog.de\/index.php?rest_route=%2Fwp%2Fv2%2Ftags&post=6642"}],"curies":[{"name":"wp","href":"https:\/\/api.w.org\/{rel}","templated":true}]}}