{"id":6646,"date":"2012-11-16T08:41:23","date_gmt":"2012-11-16T06:41:23","guid":{"rendered":"http:\/\/www.willizblog.de\/?p=6646"},"modified":"2012-11-16T08:41:23","modified_gmt":"2012-11-16T06:41:23","slug":"das-werder-phanomen-2-ein-kommen-und-gehen","status":"publish","type":"post","link":"https:\/\/willizblog.de\/?p=6646","title":{"rendered":"Das Werder-Ph\u00e4nomen (2): Ein Kommen und Gehen"},"content":{"rendered":"<p>Nach gut 13 Jahren hat <a href=\"https:\/\/www.willizblog.de\/?p=6642\" target=\"_blank\">Klaus Allofs<\/a> gestern seinen Chefsessel beim SV Werder Bremen ger\u00e4umt, um sich beim VfL Wolfsburg f\u00fcr das Doppelte der Kohle einzurichten. W\u00fcnschen wir ihm viel Gl\u00fcck dabei.<\/p>\n<p>Als ein Werder-Ph\u00e4nomen habe ich die Transferpolitik beim Bremer Fu\u00dfballbundesliga-Verein beschrieben, die im Wesentlichen darin besteht, gute bis sehr gute Spieler billig \u201aeinzukaufen\u2019 (also keine oder eine geringe Abl\u00f6sesumme zu bezahlen), diese dann, wenn sie nicht mehr bezahlbar sind, f\u00fcr gutes Geld an andere, meist gr\u00f6\u00dfere Club zu \u201averkaufen\u2019. Abl\u00f6se wird immer dann f\u00e4llig, wenn Spieler bei ihrem alten Verein noch unter Vertrag stehen. Abl\u00f6sefrei kann ein Spieler also den Verein wechseln, wenn sein Vertrag ausgelaufen ist (wie z.B. im Fall Tim Wiese bzw. Claudio Pizarro). Nat\u00fcrlich ist das kein spezielles Werder-Ph\u00e4nomen. Aber in den letzten Jahren trat dieses in Bremen verst\u00e4rkt auf: So wurde z.B. ein gewisser <a href=\"https:\/\/de.wikipedia.org\/wiki\/Diego_Ribas_da_Cunha\" target=\"_blank\">Diego Ribas da Cunha<\/a> 2006 vom FC Porto, weil er dort nicht zum Zuge kam, f\u00fcr rund 6 Millionen Euro an die Weser geholt, schoss dann w\u00e4hrend der drei Jahre in Bremen in 84 Bundesliga-Spielen immerhin 39 Tore (die vielen Torlagen gar nicht gerechnet), um dann 2009 f\u00fcr angeblich satte 27 Millionen Euro (mindestens 24,5 Millionen Euro) zu Juventus Turin zu wechseln (Zahlen siehe <a href=\"http:\/\/www.transfermarkt.de\/de\/diego\/transfers\/spieler_4248.html\" target=\"_blank\">transfermarkt.de<\/a>). \u00c4hnliches, wenn auch nicht ganz so hoch in den Summen, gilt f\u00fcr Mertesacker, \u00d6zil, zuletzt Marin und Naldo (zuvor schon Klose und Val\u00e9rien Isma\u00ebl). Okay, bei Marko Marin decken sich \u201aEinkaufs- und Verkaufspreis\u2019 in etwa. <a href=\"http:\/\/www.transfermarkt.de\/de\/zlatko-junuzovic\/profil\/spieler_31007.html\" target=\"_blank\">Zlatko Junuzovic<\/a> k\u00f6nnte eines Tages so ein positiver Fall werden.<\/p>\n<p><img src=\"https:\/\/www.willizblog.de\/blogpicts\/werder_sinking_ship.jpg\" alt=\"Werder Bremen: Alle Mann an Bord ...\" title=\"Werder Bremen: Alle Mann an Bord ...\" \/><\/p>\n<p>Apropos Diego! Da gibt es noch ein weiteres Werder-Ph\u00e4nomen (das nat\u00fcrlich ebenso bei anderen Vereinen auftreten kann): Spieler wie Diego, die gro\u00df in Bremen herausgekommen sind und dann f\u00fcr viel Geld den Verein wieder verlie\u00dfen, wurden im neuen Verein nicht wirklich richtig gl\u00fccklich. Diego, der drei Jahre lang f\u00fcr Furore in der Fu\u00dfballbundesliga sorgte, erlebte in Turin einen Absturz ohnegleichen. <a href=\"http:\/\/www.transfermarkt.de\/de\/diego\/mwverlaufgraph\/spieler_4248.html\" target=\"_blank\">Sein \u201aMarktwert\u2019<\/a> sank schnell auf Vor-Werder-Niveau. Inzwischen hat er sich berappelt und zeigt inzwischen in Wolfsburg angelangt wieder gute Leistungen. \u00c4hnliches ist im Fall Marko Marin zu vermeldet. Schon in Bremen waren seine Leistungen zuletzt eher bescheiden. Beim FC Chelsea in London ist er aber bisher \u00fcberhaupt noch nicht richtig zum Zuge gekommen. Oder <a href=\"http:\/\/www.transfermarkt.de\/de\/ailton\/transfers\/spieler_516.html\" target=\"_blank\">Ailton<\/a>! W\u00e4hrend der kurzen Magath-Episode in Bremen war er aussortiert, kam dann aber unter Thomas Schaaf ganz gro\u00df heraus. Aber nach Meisterschaft und Pokalgewinn in Bremen in der Saison 2003\/2004 ging es nur noch bergab (zuerst bei Schalke). Die Liste lie\u00dfe sich fortsetzen. Auch Torsten Frings ist noch ein gutes Beispiel. Bei den Bayern wurde er nichts. Zur\u00fcck in Bremen lebte er f\u00f6rmlich wieder auf. Auch Johan Micoud, f\u00fcr den die Fans heute noch in Bremen schw\u00e4rmen, ging in Bordeaux dann doch ziemlich unter.<\/p>\n<p>Dann aber gibt es da noch das genaue Gegenteil: Spieler, die in Bremen kein Land sahen, wurden nach dem Wechsel von Werder in der Ferne pl\u00f6tzlich richtig gut. Die Liste ist lang: Simon Rolfes (brachte es zum Nationalspieler), Nelson Valdez (in Dortmund), Mohamed Zidan (z.B. in Mainz), Christian Schulz (Hannover 96), Boubacar Sanogo oder Martin Harnik jetzt in Stuttgart. Usw. usf.<\/p>\n<p>Wie gesagt: Nat\u00fcrlich sind das keine reinen Werder-Ph\u00e4nomene. Aber wer den Blick wie ich auf eben diesen Verein gerichtet hat, bleibt nat\u00fcrlich auch in seinen gewonnenen Erkenntnissen auf diesen Verein fokussiert. Diese Ph\u00e4nomene haben immer viel mit dem Trainer zu tun. In vielen F\u00e4llen ist es Thomas Schaaf gelungen, die volle Leistung der Spieler hervorzulocken. Selbst bei so bekannterma\u00dfen schwierigen Spieler wie Ailton oder jetzt Arnautovic hat Schaaf Wunder bewirkt (oder ist dabei, solche zu bewirken). Bei pflegeleichteren Spielern (z.B. Harnik) ist ihm das dann allerdings nicht gelungen.<\/p>\n<p>Siehe auch weser-kurier.de: <a href=\"http:\/\/www.weser-kurier.de\/fotos\/werder8_galerie,-Was-aus-den-Ex-Werderanern-geworden-ist-_mediagalid,1838.html\" target=\"_blank\">Was aus den Ex-Werderanern geworden ist<\/a><\/p>\n","protected":false},"excerpt":{"rendered":"<p>Nach gut 13 Jahren hat Klaus Allofs gestern seinen Chefsessel beim SV Werder Bremen ger\u00e4umt, um sich beim VfL Wolfsburg f\u00fcr das Doppelte der Kohle einzurichten. W\u00fcnschen wir ihm viel Gl\u00fcck dabei. Als ein Werder-Ph\u00e4nomen habe ich die Transferpolitik beim Bremer Fu\u00dfballbundesliga-Verein beschrieben, die im Wesentlichen darin besteht, gute bis sehr gute Spieler billig \u201aeinzukaufen\u2019 &hellip; <a href=\"https:\/\/willizblog.de\/?p=6646\" class=\"more-link\"><span class=\"screen-reader-text\">Das Werder-Ph\u00e4nomen (2): Ein Kommen und Gehen<\/span> weiterlesen <span class=\"meta-nav\">&rarr;<\/span><\/a><\/p>\n","protected":false},"author":1,"featured_media":0,"comment_status":"open","ping_status":"open","sticky":false,"template":"","format":"standard","meta":[],"categories":[27],"tags":[],"_links":{"self":[{"href":"https:\/\/willizblog.de\/index.php?rest_route=\/wp\/v2\/posts\/6646"}],"collection":[{"href":"https:\/\/willizblog.de\/index.php?rest_route=\/wp\/v2\/posts"}],"about":[{"href":"https:\/\/willizblog.de\/index.php?rest_route=\/wp\/v2\/types\/post"}],"author":[{"embeddable":true,"href":"https:\/\/willizblog.de\/index.php?rest_route=\/wp\/v2\/users\/1"}],"replies":[{"embeddable":true,"href":"https:\/\/willizblog.de\/index.php?rest_route=%2Fwp%2Fv2%2Fcomments&post=6646"}],"version-history":[{"count":0,"href":"https:\/\/willizblog.de\/index.php?rest_route=\/wp\/v2\/posts\/6646\/revisions"}],"wp:attachment":[{"href":"https:\/\/willizblog.de\/index.php?rest_route=%2Fwp%2Fv2%2Fmedia&parent=6646"}],"wp:term":[{"taxonomy":"category","embeddable":true,"href":"https:\/\/willizblog.de\/index.php?rest_route=%2Fwp%2Fv2%2Fcategories&post=6646"},{"taxonomy":"post_tag","embeddable":true,"href":"https:\/\/willizblog.de\/index.php?rest_route=%2Fwp%2Fv2%2Ftags&post=6646"}],"curies":[{"name":"wp","href":"https:\/\/api.w.org\/{rel}","templated":true}]}}