{"id":666,"date":"2006-11-20T00:49:17","date_gmt":"2006-11-19T22:49:17","guid":{"rendered":"http:\/\/www.albinz.de\/blog\/?p=666"},"modified":"2006-11-19T14:54:00","modified_gmt":"2006-11-19T12:54:00","slug":"ein-engagiertes-leben","status":"publish","type":"post","link":"https:\/\/willizblog.de\/?p=666","title":{"rendered":"Ein engagiertes Leben"},"content":{"rendered":"<p>Wer nicht nur in Tostedt wohnt, sondern sich auch f\u00fcr die Geschichte des Ortes und die Geschichten der Menschen hier interessiert, der wird irgendwann auf den Namen Renate D\u00f6rsam gesto\u00dfen sein. Frau D\u00f6rsam ist vor einer Woche im Alter von 67 Jahren einem Krebsleiden erleben.<\/p>\n<p>Vor zwei Jahren war Renate D\u00f6rsam als Realschullehrerin in den <a href=\"http:\/\/www.abendblatt.de\/daten\/2004\/07\/08\/315730.html\" target=\"_blank\">Unruhestand<\/a> getreten, wie sie es wohl nannte. Seit vielen Jahren war sich sehr pers\u00f6nlich sozial und politisch engagiert. Wichtig war ihr dabei, die Grausamkeiten des Nazi-Regimes wachzuhalten, besonders zu verhindern, dass solches Unrecht jeweils wieder geschieht. Sie arbeitete so im Tostedter <a href=\"https:\/\/www.albinz.net\/tostedt\/zivil.html\" target=\"_blank\">Forum f\u00fcr Zivilcourage<\/a>. Auch war ihr die Heimatforschung wichtig, die u.a. in der Herausgabe eines Buches \u2013 zusammen mit ihrem Lebensgef\u00e4hrten Ulrich Klages \u2013 zur 900-Jahrsfeier von Tostedt gipfelte.<\/p>\n<p>Besonders zu nennen ist ihr soziales Eintreten, dass mit ihrer T\u00e4tigkeit als Vertrauenslehrerin begann und sich im Einsetzen f\u00fcr sozial schwache und Migrantenfamilien nicht ersch\u00f6pfte. 2003 erhielt sie f\u00fcr ihr Engagement das Bundesverdienstkreuz.<\/p>\n<p>Die Trauerfeier findet am Mittwoch, den 22. November, um 14 Uhr in der Kapelle des Tostedter Friedhofs statt.<\/p>\n","protected":false},"excerpt":{"rendered":"<p>Wer nicht nur in Tostedt wohnt, sondern sich auch f\u00fcr die Geschichte des Ortes und die Geschichten der Menschen hier interessiert, der wird irgendwann auf den Namen Renate D\u00f6rsam gesto\u00dfen sein. Frau D\u00f6rsam ist vor einer Woche im Alter von 67 Jahren einem Krebsleiden erleben. Vor zwei Jahren war Renate D\u00f6rsam als Realschullehrerin in den &hellip; <a href=\"https:\/\/willizblog.de\/?p=666\" class=\"more-link\"><span class=\"screen-reader-text\">Ein engagiertes Leben<\/span> weiterlesen <span class=\"meta-nav\">&rarr;<\/span><\/a><\/p>\n","protected":false},"author":1,"featured_media":0,"comment_status":"closed","ping_status":"closed","sticky":false,"template":"","format":"standard","meta":[],"categories":[11],"tags":[],"_links":{"self":[{"href":"https:\/\/willizblog.de\/index.php?rest_route=\/wp\/v2\/posts\/666"}],"collection":[{"href":"https:\/\/willizblog.de\/index.php?rest_route=\/wp\/v2\/posts"}],"about":[{"href":"https:\/\/willizblog.de\/index.php?rest_route=\/wp\/v2\/types\/post"}],"author":[{"embeddable":true,"href":"https:\/\/willizblog.de\/index.php?rest_route=\/wp\/v2\/users\/1"}],"replies":[{"embeddable":true,"href":"https:\/\/willizblog.de\/index.php?rest_route=%2Fwp%2Fv2%2Fcomments&post=666"}],"version-history":[{"count":0,"href":"https:\/\/willizblog.de\/index.php?rest_route=\/wp\/v2\/posts\/666\/revisions"}],"wp:attachment":[{"href":"https:\/\/willizblog.de\/index.php?rest_route=%2Fwp%2Fv2%2Fmedia&parent=666"}],"wp:term":[{"taxonomy":"category","embeddable":true,"href":"https:\/\/willizblog.de\/index.php?rest_route=%2Fwp%2Fv2%2Fcategories&post=666"},{"taxonomy":"post_tag","embeddable":true,"href":"https:\/\/willizblog.de\/index.php?rest_route=%2Fwp%2Fv2%2Ftags&post=666"}],"curies":[{"name":"wp","href":"https:\/\/api.w.org\/{rel}","templated":true}]}}