{"id":6698,"date":"2012-12-01T09:11:58","date_gmt":"2012-12-01T07:11:58","guid":{"rendered":"http:\/\/www.willizblog.de\/?p=6698"},"modified":"2013-01-22T14:22:13","modified_gmt":"2013-01-22T13:22:13","slug":"drei-herren-und-neue-denkmaler-fur-tostedt","status":"publish","type":"post","link":"https:\/\/willizblog.de\/?p=6698","title":{"rendered":"Drei Herren und neue Denkm\u00e4ler f\u00fcr Tostedt"},"content":{"rendered":"<p>Die Samtgemeinde baut ein Polizeidienstgeb\u00e4ude in der Sch\u00fctzenstra\u00dfe. Innenminister Uwe Sch\u00fcnemann legte den Grundstein (siehe den ganzen Artikel aus <a href=\"http:\/\/www.twitlonger.com\/show\/k5vqli\" target=\"_blank\">abendblatt.de<\/a> \u2013 und auch den Beitrag auf <a href=\"http:\/\/www.tostedt.de\/portal\/meldungen\/uwe_schuenemann_zu_besuch_in_tostedt-912001034-20240.html\" target=\"_blank\">tostedt.de<\/a>)<\/p>\n<ul><img src=\"https:\/\/www.willizblog.de\/images\/tostedt_polizei_grundsteinlegung_2012.jpg\" alt=\"Grundsteinlegung \u2013 Polizei Tostedt\" title=\"Grundsteinlegung \u2013 Polizei Tostedt\" \/><\/ul>\n<p><em>v.l.n.r.<\/em> Samtgemeindeb\u00fcrgermeister <em>Dirk Bostelmann<\/em>, Innenminister <em>Uwe Sch\u00fcnemann<\/em>, Mitglied des Landtages und stellv. Landrat sowie Gefl\u00fcgelz\u00fcchter <em>Heiner Sch\u00f6necke<\/em>, Polizeipr\u00e4sident Friedrich Nieh\u00f6rster, 1. Kriminalhauptkommissar Karl Langner und ein Mitarbeiter der Firma Rosebrock (Polier Krause) \u00a9 bim\/<a href=\"http:\/\/www.kreiszeitung.net\/uploads\/blaetterkatalog\/ausgabe\/sa\/nh\/24112012\/index.html\" target=\"_blank\">kreiszeitung.net<\/a><\/p>\n<p>Da haben sich ja die Richtigen zusammengefunden: die Herren Sch\u00fcnemann, Bostelmann und \u2013 warum auch immer \u2013 <a href=\"https:\/\/www.willizblog.de\/index.php?s=sch%C3%B6necke\" target=\"_blank\">Sch\u00f6necke<\/a>. Letzterer bestimmt der Schnittchen wegen, die gereicht wurden. Und vielleicht bekam er auch ein Gl\u00e4schen Grauburgunder oder zwei zum Hinuntersp\u00fclen. Dirk wird schon mehrere Fl\u00e4schchen aus dem Rathauskeller ob seines trockenen Halses kredenzt haben (<em>\u201eWarum baut die Samtgemeinde Tostedt v\u00f6llig aufgabenwidrig der Polizei ein neues Dienstgeb\u00e4ude? Dirk Bostelmann bekommt bei dieser Frage einen trockenen Hals: \u201aIch habe schon so oft etwas dazu gesagt, dass mir die S\u00e4tze mittlerweile im Hals stecken bleiben\u2019, sagt er und r\u00e4uspert sich.\u201c<\/em> \u2013 Grauburgunder hilft gegen trockene H\u00e4lse!) <\/p>\n<p>Ja, Anlass der Veranstaltung war die Grundsteinlegung zu einem Polizeidienstgeb\u00e4ude in der Sch\u00fctzenstra\u00dfe zu Tostedt, das wie erw\u00e4hnt von der Samtgemeinde Tostedt gebaut und dann an die Polizei vermietet wird. Es ist eines von vielen umstrittenen Bauobjekten der kommenden Zeit &#8211;  trotz der hohen Verschuldung Tostedts.<\/p>\n<p>Neben einem <a href=\"https:\/\/www.willizblog.de\/?p=6659\" target=\"_blank\">Neubau einer Kindertagesst\u00e4tte<\/a> an der Dieckhofstra\u00dfe und eines <a href=\"https:\/\/www.willizblog.de\/?p=5842\" target=\"_blank\">Parkhauses am Bahnhof<\/a> f\u00fcr die Pendler ist dann das Polizeigeb\u00e4ude die dritte \u201aInvestition\u2019 in Immobilien, die unser Samt- und Seideb\u00fcrgermeister aus dem Hut zu zaubern gedenkt. Dann wird nat\u00fcrlich <a href=\"https:\/\/www.willizblog.de\/?p=6435\" target=\"_blank\">f\u00fcr ein Freibad<\/a> nichts mehr bleiben.<\/p>\n<p>Ja, Herr Bostelmann schafft sich Denkm\u00e4ler. Die Tostedter B\u00fcrger werden seiner noch lange nach seiner Amtszeit als Samtgemeindeb\u00fcrgermeister gedenken, wenn sie f\u00fcr die dann noch immer bestehenden Kosten aufkommen d\u00fcrfen. Apropos Denkm\u00e4ler! Ich pl\u00e4diere daf\u00fcr, dass der Name Bostelmann auch in Zukunft weiterhin in aller Munde bleibt. So sollte man das Polizeigeb\u00e4ude <em>\u201eDirk Bostelmann-Polizeiwache Tostedt\u201c<\/em> taufen. Und die oberste Ebene des Parkhauses vielleicht etwas legerer <em>\u201eBostelmanns Parkdeck\u201c<\/em>. Eine Kinderkrippengruppe k\u00f6nnte <em>\u201eDie Bostelm\u00e4nnchen\u201c<\/em> hei\u00dfen. Und auch Herr Feindt (SPD) sollte nicht zu kurz kommen: <em>\u201eDie Feindte\u201c<\/em>. Immerhin bl\u00e4st er ins gleiche Horn wie unser Bostelm\u00e4nnchen. Da fragt man sich, warum man in Tostedt auf Kommunalebene \u00fcberhaupt SPD w\u00e4hlen soll, wenn man gleich die CDU w\u00e4hlen kann.<\/p>\n<p>Nun, ich hoffe der Grauburgunder ist gut bekommen. Die n\u00e4chsten Grundsteinlegungen sind geplant. Die Firma <a href=\"http:\/\/www.wbai.de\/\" target=\"_blank\">Werner Behrens Architekten Ingenieure GmbH &#038; Co KG<\/a> in Rotenburg\/W\u00fcmme wird\u2019s freuen &#8230;<\/p>\n","protected":false},"excerpt":{"rendered":"<p>Die Samtgemeinde baut ein Polizeidienstgeb\u00e4ude in der Sch\u00fctzenstra\u00dfe. Innenminister Uwe Sch\u00fcnemann legte den Grundstein (siehe den ganzen Artikel aus abendblatt.de \u2013 und auch den Beitrag auf tostedt.de) v.l.n.r. Samtgemeindeb\u00fcrgermeister Dirk Bostelmann, Innenminister Uwe Sch\u00fcnemann, Mitglied des Landtages und stellv. Landrat sowie Gefl\u00fcgelz\u00fcchter Heiner Sch\u00f6necke, Polizeipr\u00e4sident Friedrich Nieh\u00f6rster, 1. Kriminalhauptkommissar Karl Langner und ein Mitarbeiter der &hellip; <a href=\"https:\/\/willizblog.de\/?p=6698\" class=\"more-link\"><span class=\"screen-reader-text\">Drei Herren und neue Denkm\u00e4ler f\u00fcr Tostedt<\/span> weiterlesen <span class=\"meta-nav\">&rarr;<\/span><\/a><\/p>\n","protected":false},"author":1,"featured_media":0,"comment_status":"open","ping_status":"open","sticky":false,"template":"","format":"standard","meta":[],"categories":[12,11],"tags":[],"_links":{"self":[{"href":"https:\/\/willizblog.de\/index.php?rest_route=\/wp\/v2\/posts\/6698"}],"collection":[{"href":"https:\/\/willizblog.de\/index.php?rest_route=\/wp\/v2\/posts"}],"about":[{"href":"https:\/\/willizblog.de\/index.php?rest_route=\/wp\/v2\/types\/post"}],"author":[{"embeddable":true,"href":"https:\/\/willizblog.de\/index.php?rest_route=\/wp\/v2\/users\/1"}],"replies":[{"embeddable":true,"href":"https:\/\/willizblog.de\/index.php?rest_route=%2Fwp%2Fv2%2Fcomments&post=6698"}],"version-history":[{"count":0,"href":"https:\/\/willizblog.de\/index.php?rest_route=\/wp\/v2\/posts\/6698\/revisions"}],"wp:attachment":[{"href":"https:\/\/willizblog.de\/index.php?rest_route=%2Fwp%2Fv2%2Fmedia&parent=6698"}],"wp:term":[{"taxonomy":"category","embeddable":true,"href":"https:\/\/willizblog.de\/index.php?rest_route=%2Fwp%2Fv2%2Fcategories&post=6698"},{"taxonomy":"post_tag","embeddable":true,"href":"https:\/\/willizblog.de\/index.php?rest_route=%2Fwp%2Fv2%2Ftags&post=6698"}],"curies":[{"name":"wp","href":"https:\/\/api.w.org\/{rel}","templated":true}]}}